{"id":9233,"date":"2020-07-13T16:12:00","date_gmt":"2020-07-13T19:12:00","guid":{"rendered":"https:\/\/portais.santoandre.sp.gov.br\/semasa\/?p=9233"},"modified":"2026-08-13T16:13:06","modified_gmt":"2026-08-13T19:13:06","slug":"operacao-comercio-responsavel-de-santo-andre-interdita-seis-estabelecimentos-por-aglomeracao","status":"publish","type":"post","link":"https:\/\/portais.santoandre.sp.gov.br\/semasa\/2020\/07\/13\/operacao-comercio-responsavel-de-santo-andre-interdita-seis-estabelecimentos-por-aglomeracao\/","title":{"rendered":"Opera\u00e7\u00e3o Com\u00e9rcio Respons\u00e1vel de Santo Andr\u00e9 interdita seis estabelecimentos por aglomera\u00e7\u00e3o"},"content":{"rendered":"\n<p class=\"wp-block-paragraph\"><em>Fiscaliza\u00e7\u00e3o Ambiental do Semasa tamb\u00e9m realizou quatro autua\u00e7\u00f5es por ru\u00eddo excessivo<\/em><\/p>\n\n\n\n<p class=\"wp-block-paragraph\">Santo Andr\u00e9, 13 de julho de 2020 \u2013 Seis estabelecimentos foram interditados entre a \u00faltima quinta-feira (9) e este domingo (12) em Santo Andr\u00e9, durante a\u00e7\u00f5es de fiscaliza\u00e7\u00e3o da Opera\u00e7\u00e3o Com\u00e9rcio Respons\u00e1vel. Os locais foram flagrados descumprindo as regras de preven\u00e7\u00e3o contra o novo coronav\u00edrus.<\/p>\n\n\n\n<p class=\"wp-block-paragraph\">Equipes do Departamento de Controle Urbano, Semasa (Servi\u00e7o Municipal de Saneamento Ambiental de Santo Andr\u00e9), Guarda Civil Municipal e pol\u00edcias Militar e Civil percorreram corredores comerciais e n\u00facleos da cidade para fiscalizar o cumprimento do decreto que estabelece as normas para funcionamento de bares e restaurantes, durante a fase amarela da flexibiliza\u00e7\u00e3o da quarentena no munic\u00edpio.<\/p>\n\n\n\n<p class=\"wp-block-paragraph\">As interdi\u00e7\u00f5es ocorreram em com\u00e9rcios do Centro, Jardim Marek, Vila Alto Santo Andr\u00e9 e Parque Erasmo Assun\u00e7\u00e3o. Em um dos casos, o estabelecimento Downtown SA foi lacrado e recebeu Auto de Infra\u00e7\u00e3o Ambiental (equivalente a multa), lavrado pela equipe de Fiscaliza\u00e7\u00e3o Ambiental do Semasa por ru\u00eddo acima do permitido, no valor de 300 FMPs (R$ 1.239,18). O local foi flagrado em desrespeito ao hor\u00e1rio de funcionamento permitido e tamb\u00e9m j\u00e1 era reincidente em reclama\u00e7\u00f5es por barulho.<\/p>\n\n\n\n<p class=\"wp-block-paragraph\">\u201cSanto Andr\u00e9 est\u00e1 promovendo uma retomada segura e respons\u00e1vel da economia, com respeito a todos os protocolos de seguran\u00e7a. Contamos com a colabora\u00e7\u00e3o dos comerciantes e seguiremos com as a\u00e7\u00f5es de fiscaliza\u00e7\u00e3o, para garantir o cumprimento de todas as regras\u201d, afirmou o prefeito Paulo Serra.<\/p>\n\n\n\n<p class=\"wp-block-paragraph\">Os outros cinco estabelecimentos interditados apresentavam aglomera\u00e7\u00e3o de pessoas, em desacordo com as determina\u00e7\u00f5es vigentes e de seguran\u00e7a para evitar o cont\u00e1gio pelo novo coronav\u00edrus. Al\u00e9m disso, a Fiscaliza\u00e7\u00e3o Ambiental da autarquia tamb\u00e9m advertiu tr\u00eas bares \u2013 dois no Centro e um no Jardim Santo Andr\u00e9 \u2013 por barulho excessivo.<\/p>\n\n\n\n<p class=\"wp-block-paragraph\">Os n\u00facleos que receberam as opera\u00e7\u00f5es foram Cata Preta, S\u00edtio dos Vianas, Cruzado, Alzira Franco, Tamarutaca, Sacadura Cabral, Ciganos e Pintassilva.<\/p>\n\n\n\n<p class=\"wp-block-paragraph\">Divididas em quatro equipes, as patrulhas da Opera\u00e7\u00e3o Com\u00e9rcio Respons\u00e1vel s\u00e3o realizadas diariamente como sensibiliza\u00e7\u00e3o aos donos de estabelecimentos e clientes para a ado\u00e7\u00e3o das medidas de seguran\u00e7a. Excessos n\u00e3o s\u00e3o tolerados, podendo acarretar em emiss\u00e3o de penalidades, inclusive nos casos de grandes aglomera\u00e7\u00f5es e som excessivo.<\/p>\n\n\n\n<p class=\"wp-block-paragraph\"><strong>Academias<\/strong>&nbsp;\u2013 Nesta segunda-feira (13), em continuidade ao processo de abertura gradual e segura da economia, as academias, escolas de dan\u00e7a e similares foram autorizadas a abrir em Santo Andr\u00e9. Nesta primeira fase, o funcionamento permitido \u00e9 de seis horas por dia, em per\u00edodo a ser estipulado por cada estabelecimento, com hor\u00e1rio limite at\u00e9 as 23h.<\/p>\n\n\n\n<p class=\"wp-block-paragraph\">Entre os protocolos a serem observados est\u00e3o utiliza\u00e7\u00e3o obrigat\u00f3ria de m\u00e1scaras de prote\u00e7\u00e3o facial para alunos, colaboradores e funcion\u00e1rios, limpeza e higieniza\u00e7\u00e3o frequentes do local, disponibiliza\u00e7\u00e3o de \u00e1lcool em gel e limita\u00e7\u00e3o da quantidade simult\u00e2nea de alunos na academia, observando a ocupa\u00e7\u00e3o m\u00e1xima de 30% da capacidade.<\/p>\n","protected":false},"excerpt":{"rendered":"<p>Fiscaliza\u00e7\u00e3o Ambiental do Semasa tamb\u00e9m realizou quatro autua\u00e7\u00f5es por ru\u00eddo excessivo Santo Andr\u00e9, 13 de julho de 2020 \u2013 Seis estabelecimentos foram interditados entre a \u00faltima quinta-feira (9) e este domingo (12) em Santo Andr\u00e9, durante a\u00e7\u00f5es de fiscaliza\u00e7\u00e3o da Opera\u00e7\u00e3o Com\u00e9rcio Respons\u00e1vel. Os locais foram flagrados descumprindo as regras de preven\u00e7\u00e3o contra o novo [&hellip;]<\/p>\n","protected":false},"author":60,"featured_media":0,"comment_status":"open","ping_status":"open","sticky":false,"template":"","format":"standard","meta":{"footnotes":""},"categories":[9,17,8],"tags":[],"class_list":["post-9233","post","type-post","status-publish","format-standard","hentry","category-fiscalizacao-ambiental","category-noticias","category-releases"],"_links":{"self":[{"href":"https:\/\/portais.santoandre.sp.gov.br\/semasa\/wp-json\/wp\/v2\/posts\/9233","targetHints":{"allow":["GET"]}}],"collection":[{"href":"https:\/\/portais.santoandre.sp.gov.br\/semasa\/wp-json\/wp\/v2\/posts"}],"about":[{"href":"https:\/\/portais.santoandre.sp.gov.br\/semasa\/wp-json\/wp\/v2\/types\/post"}],"author":[{"embeddable":true,"href":"https:\/\/portais.santoandre.sp.gov.br\/semasa\/wp-json\/wp\/v2\/users\/60"}],"replies":[{"embeddable":true,"href":"https:\/\/portais.santoandre.sp.gov.br\/semasa\/wp-json\/wp\/v2\/comments?post=9233"}],"version-history":[{"count":1,"href":"https:\/\/portais.santoandre.sp.gov.br\/semasa\/wp-json\/wp\/v2\/posts\/9233\/revisions"}],"predecessor-version":[{"id":9234,"href":"https:\/\/portais.santoandre.sp.gov.br\/semasa\/wp-json\/wp\/v2\/posts\/9233\/revisions\/9234"}],"wp:attachment":[{"href":"https:\/\/portais.santoandre.sp.gov.br\/semasa\/wp-json\/wp\/v2\/media?parent=9233"}],"wp:term":[{"taxonomy":"category","embeddable":true,"href":"https:\/\/portais.santoandre.sp.gov.br\/semasa\/wp-json\/wp\/v2\/categories?post=9233"},{"taxonomy":"post_tag","embeddable":true,"href":"https:\/\/portais.santoandre.sp.gov.br\/semasa\/wp-json\/wp\/v2\/tags?post=9233"}],"curies":[{"name":"wp","href":"https:\/\/api.w.org\/{rel}","templated":true}]}}