{"id":8510,"date":"2019-08-15T16:34:00","date_gmt":"2019-08-15T19:34:00","guid":{"rendered":"https:\/\/portais.santoandre.sp.gov.br\/semasa\/?p=8510"},"modified":"2026-06-01T16:34:58","modified_gmt":"2026-06-01T19:34:58","slug":"estacao-de-coleta-camilopolis-passa-a-funcionar-de-domingo-a-domingo","status":"publish","type":"post","link":"https:\/\/portais.santoandre.sp.gov.br\/semasa\/2019\/08\/15\/estacao-de-coleta-camilopolis-passa-a-funcionar-de-domingo-a-domingo\/","title":{"rendered":"Esta\u00e7\u00e3o de Coleta Camil\u00f3polis passa a funcionar de domingo a domingo"},"content":{"rendered":"\n<p class=\"wp-block-paragraph\">Para facilitar a vida dos usu\u00e1rios que utilizam os servi\u00e7os da Esta\u00e7\u00e3o de Coleta Santo Alberto, que est\u00e1 fechada por causa&nbsp;de obras do Semasa, a autarquia est\u00e1 ampliando o hor\u00e1rio de funcionamento da Esta\u00e7\u00e3o de Coleta Camil\u00f3polis \u2013 o ecoponto mais pr\u00f3ximo e para onde o fluxo de moradores est\u00e1 sendo direcionado.<\/p>\n\n\n\n<p class=\"wp-block-paragraph\">Temporariamente, enquanto perdurarem as obras, a EC Camil\u00f3polis vai funcionar de domingo a domingo (inclusive feriados) das 8h \u00e0s 19h.<\/p>\n\n\n\n<p class=\"wp-block-paragraph\">A Esta\u00e7\u00e3o de Coleta Camil\u00f3poilis est\u00e1 localizada na rua&nbsp;rua Benjamim Constant, 20, no bairro de mesmo nome.<\/p>\n","protected":false},"excerpt":{"rendered":"<p>Para facilitar a vida dos usu\u00e1rios que utilizam os servi\u00e7os da Esta\u00e7\u00e3o de Coleta Santo Alberto, que est\u00e1 fechada por causa&nbsp;de obras do Semasa, a autarquia est\u00e1 ampliando o hor\u00e1rio de funcionamento da Esta\u00e7\u00e3o de Coleta Camil\u00f3polis \u2013 o ecoponto mais pr\u00f3ximo e para onde o fluxo de moradores est\u00e1 sendo direcionado. Temporariamente, enquanto perdurarem [&hellip;]<\/p>\n","protected":false},"author":60,"featured_media":0,"comment_status":"open","ping_status":"open","sticky":false,"template":"","format":"standard","meta":{"footnotes":""},"categories":[8,5],"tags":[],"class_list":["post-8510","post","type-post","status-publish","format-standard","hentry","category-releases","category-residuos-solidos"],"_links":{"self":[{"href":"https:\/\/portais.santoandre.sp.gov.br\/semasa\/wp-json\/wp\/v2\/posts\/8510","targetHints":{"allow":["GET"]}}],"collection":[{"href":"https:\/\/portais.santoandre.sp.gov.br\/semasa\/wp-json\/wp\/v2\/posts"}],"about":[{"href":"https:\/\/portais.santoandre.sp.gov.br\/semasa\/wp-json\/wp\/v2\/types\/post"}],"author":[{"embeddable":true,"href":"https:\/\/portais.santoandre.sp.gov.br\/semasa\/wp-json\/wp\/v2\/users\/60"}],"replies":[{"embeddable":true,"href":"https:\/\/portais.santoandre.sp.gov.br\/semasa\/wp-json\/wp\/v2\/comments?post=8510"}],"version-history":[{"count":1,"href":"https:\/\/portais.santoandre.sp.gov.br\/semasa\/wp-json\/wp\/v2\/posts\/8510\/revisions"}],"predecessor-version":[{"id":8511,"href":"https:\/\/portais.santoandre.sp.gov.br\/semasa\/wp-json\/wp\/v2\/posts\/8510\/revisions\/8511"}],"wp:attachment":[{"href":"https:\/\/portais.santoandre.sp.gov.br\/semasa\/wp-json\/wp\/v2\/media?parent=8510"}],"wp:term":[{"taxonomy":"category","embeddable":true,"href":"https:\/\/portais.santoandre.sp.gov.br\/semasa\/wp-json\/wp\/v2\/categories?post=8510"},{"taxonomy":"post_tag","embeddable":true,"href":"https:\/\/portais.santoandre.sp.gov.br\/semasa\/wp-json\/wp\/v2\/tags?post=8510"}],"curies":[{"name":"wp","href":"https:\/\/api.w.org\/{rel}","templated":true}]}}