{"id":8488,"date":"2019-08-08T15:22:00","date_gmt":"2019-08-08T18:22:00","guid":{"rendered":"https:\/\/portais.santoandre.sp.gov.br\/semasa\/?p=8488"},"modified":"2026-06-01T15:23:20","modified_gmt":"2026-06-01T18:23:20","slug":"fique-atento-semasa-informa-manutencoes-do-dia-8-8-2019","status":"publish","type":"post","link":"https:\/\/portais.santoandre.sp.gov.br\/semasa\/2019\/08\/08\/fique-atento-semasa-informa-manutencoes-do-dia-8-8-2019\/","title":{"rendered":"Fique atento: Semasa informa manuten\u00e7\u00f5es do dia 8\/8\/2019"},"content":{"rendered":"\n<p class=\"wp-block-paragraph\">O Semasa informa que, das 0h \u00e0s 13h de hoje, equipes da autarquia precisaram efetivar 6 fechamentos de \u00e1gua para realizar manuten\u00e7\u00f5es.<\/p>\n\n\n\n<p class=\"wp-block-paragraph\">No dia anterior, foram realizadas 6 interven\u00e7\u00f5es.<\/p>\n\n\n\n<p class=\"wp-block-paragraph\">O objetivo dos servi\u00e7os \u00e9 consertar vazamentos e combater as perdas de \u00e1gua.<\/p>\n\n\n\n<p class=\"wp-block-paragraph\">Moradores do entorno dos pontos de manuten\u00e7\u00e3o podem ter problemas de abastecimento.<\/p>\n\n\n\n<p class=\"wp-block-paragraph\"><strong>Confira os endere\u00e7os e hor\u00e1rios das manuten\u00e7\u00f5es.<\/strong><\/p>\n\n\n\n<figure class=\"wp-block-table\"><table class=\"has-fixed-layout\"><tbody><tr><td><strong>8\/8\/2019 \u2013 Das 0h \u00e0s 13h de hoje<\/strong><\/td><td><strong>In\u00edcio<\/strong><\/td><td><strong>T\u00e9rmino<\/strong><\/td><\/tr><tr><td>Rua Dunquerque (Parque Novo Orat\u00f3rio)<\/td><td>12h50<\/td><td>\u2013<\/td><\/tr><tr><td>Rua Laureano (Vila Camil\u00f3polis)<\/td><td>11h20<\/td><td>\u2013<\/td><\/tr><tr><td>Rua Ronald Carvalho (Condom\u00ednio Maracan\u00e3)<\/td><td>10h55<\/td><td>\u2013<\/td><\/tr><tr><td>Rua Tomas de Carvalho (Vila Humait\u00e1)<\/td><td>10h25<\/td><td>11h45<\/td><\/tr><tr><td>Rua Jos\u00e9 D\u2019\u00c2ngelo (Jardim Bom Pastor)<\/td><td>9h30<\/td><td>11h40<\/td><\/tr><tr><td>Rua Turia\u00e7\u00fa (Vila Alice)<\/td><td>20h40 de 7\/8<\/td><td>11h40<\/td><\/tr><tr><td><strong>7\/8\/2019<\/strong><\/td><td><\/td><td><\/td><\/tr><tr><td>Rua Fen\u00edcia (Parque Novo orat\u00f3rio)<\/td><td>13h50<\/td><td>15h15<\/td><\/tr><tr><td>Rua Alemanha (Vila Camil\u00f3polis)<\/td><td>9h30<\/td><td>15h35<\/td><\/tr><tr><td>Rua das Boninas (Vila Vit\u00f3ria)<\/td><td>9h20<\/td><td>10h<\/td><\/tr><tr><td>Rua Jos\u00e9 D\u2019\u00c2ngelo (Jardim Bom Pastor)<\/td><td>9h20<\/td><td>16h<\/td><\/tr><tr><td>Rua Est\u00f4nia (Parque das Na\u00e7\u00f5es)<\/td><td>18h08<\/td><td>10h15<\/td><\/tr><tr><td>Rua das Caneleiras (Jardim)<\/td><td>15h20<\/td><td>8h38<\/td><\/tr><\/tbody><\/table><\/figure>\n","protected":false},"excerpt":{"rendered":"<p>O Semasa informa que, das 0h \u00e0s 13h de hoje, equipes da autarquia precisaram efetivar 6 fechamentos de \u00e1gua para realizar manuten\u00e7\u00f5es. No dia anterior, foram realizadas 6 interven\u00e7\u00f5es. O objetivo dos servi\u00e7os \u00e9 consertar vazamentos e combater as perdas de \u00e1gua. Moradores do entorno dos pontos de manuten\u00e7\u00e3o podem ter problemas de abastecimento. Confira [&hellip;]<\/p>\n","protected":false},"author":60,"featured_media":0,"comment_status":"open","ping_status":"open","sticky":false,"template":"","format":"standard","meta":{"footnotes":""},"categories":[11,8],"tags":[],"class_list":["post-8488","post","type-post","status-publish","format-standard","hentry","category-agua-e-esgoto","category-releases"],"_links":{"self":[{"href":"https:\/\/portais.santoandre.sp.gov.br\/semasa\/wp-json\/wp\/v2\/posts\/8488","targetHints":{"allow":["GET"]}}],"collection":[{"href":"https:\/\/portais.santoandre.sp.gov.br\/semasa\/wp-json\/wp\/v2\/posts"}],"about":[{"href":"https:\/\/portais.santoandre.sp.gov.br\/semasa\/wp-json\/wp\/v2\/types\/post"}],"author":[{"embeddable":true,"href":"https:\/\/portais.santoandre.sp.gov.br\/semasa\/wp-json\/wp\/v2\/users\/60"}],"replies":[{"embeddable":true,"href":"https:\/\/portais.santoandre.sp.gov.br\/semasa\/wp-json\/wp\/v2\/comments?post=8488"}],"version-history":[{"count":1,"href":"https:\/\/portais.santoandre.sp.gov.br\/semasa\/wp-json\/wp\/v2\/posts\/8488\/revisions"}],"predecessor-version":[{"id":8489,"href":"https:\/\/portais.santoandre.sp.gov.br\/semasa\/wp-json\/wp\/v2\/posts\/8488\/revisions\/8489"}],"wp:attachment":[{"href":"https:\/\/portais.santoandre.sp.gov.br\/semasa\/wp-json\/wp\/v2\/media?parent=8488"}],"wp:term":[{"taxonomy":"category","embeddable":true,"href":"https:\/\/portais.santoandre.sp.gov.br\/semasa\/wp-json\/wp\/v2\/categories?post=8488"},{"taxonomy":"post_tag","embeddable":true,"href":"https:\/\/portais.santoandre.sp.gov.br\/semasa\/wp-json\/wp\/v2\/tags?post=8488"}],"curies":[{"name":"wp","href":"https:\/\/api.w.org\/{rel}","templated":true}]}}