{"id":8452,"date":"2026-05-29T08:12:40","date_gmt":"2026-05-29T11:12:40","guid":{"rendered":"https:\/\/portais.santoandre.sp.gov.br\/semasa\/?p=8452"},"modified":"2026-06-01T08:17:28","modified_gmt":"2026-06-01T11:17:28","slug":"quintal-verde-vila-guiomar-e-apresentado-no-54o-congresso-nacional-da-assemae","status":"publish","type":"post","link":"https:\/\/portais.santoandre.sp.gov.br\/semasa\/2026\/05\/29\/quintal-verde-vila-guiomar-e-apresentado-no-54o-congresso-nacional-da-assemae\/","title":{"rendered":"Quintal Verde Vila Guiomar \u00e9 apresentado no 54\u00ba Congresso Nacional da Assemae"},"content":{"rendered":"\n<p class=\"wp-block-paragraph\"><em>Evento em Caxias do Sul re\u00fane especialistas e empresas em debates e feira de neg\u00f3cios<\/em><\/p>\n\n\n\n<p class=\"wp-block-paragraph\">Santo Andr\u00e9, 29 de maio de 2026 &#8211; Compartilhando as experi\u00eancias de sucesso andreenses, representantes do Semasa (Servi\u00e7o Municipal de Saneamento Ambiental de Santo Andr\u00e9) estiveram em Caxias do Sul (RS) nesta semana para apresentar os resultados do Quintal Verde Vila Guiomar durante o 54\u00ba Congresso Nacional da Assemae (Associa\u00e7\u00e3o Nacional dos Servi\u00e7os Municipais de Saneamento).<\/p>\n\n\n\n<p class=\"wp-block-paragraph\">O evento, um dos maiores do pa\u00eds sobre saneamento e sustentabilidade, reuniu projetos t\u00e9cnicos de diversas partes do pa\u00eds, em uma troca de conhecimentos das diversas vertentes do saneamento. Este \u00e9 o quarto ano seguido que o Semasa tem trabalhos t\u00e9cnicos selecionados para exposi\u00e7\u00e3o oral durante o congresso, mas o hist\u00f3rico de participa\u00e7\u00e3o da autarquia j\u00e1 ocorre h\u00e1 d\u00e9cadas.<\/p>\n\n\n\n<p class=\"wp-block-paragraph\">\u201cApresentar o artigo do Quintal Verde na 54\u00aa Assemae \u00e9 uma importante oportunidade para dialogar sobre pol\u00edticas p\u00fablicas de saneamento ambiental e que destacam Santo Andr\u00e9 no cen\u00e1rio nacional. Compartilhamos os resultados pr\u00e1ticos de um programa que une gest\u00e3o de res\u00edduos org\u00e2nicos, seguran\u00e7a alimentar e transforma\u00e7\u00e3o social, mostrando a for\u00e7a das tecnologias sociais e comunit\u00e1rias\u201d, explica Solange Dias de Araujo, Assessora de Gabinete do Departamento de Res\u00edduos S\u00f3lidos da autarquia e uma das coordenadoras da iniciativa.<\/p>\n\n\n\n<p class=\"wp-block-paragraph\">O Quintal Verde Vila Guiomar completou um ano em abril e, nesse per\u00edodo, j\u00e1 recebeu e processou mais de 15 toneladas de res\u00edduos org\u00e2nicos, transformados em mais de 742 quilos de composto e 361 litros de biofertilizante para plantas.\u00a0 Os dados do per\u00edodo indicam ainda que a iniciativa contribuiu para evitar a emiss\u00e3o de 1,7 tonelada de gases de efeito estufa.<\/p>\n\n\n\n<p class=\"wp-block-paragraph\">O espa\u00e7o funciona como um laborat\u00f3rio a c\u00e9u aberto, voltado \u00e0 promo\u00e7\u00e3o de pr\u00e1ticas sustent\u00e1veis e \u00e0 educa\u00e7\u00e3o ambiental. Moradores, estudantes e visitantes t\u00eam contato direto com atividades como compostagem, vermicompostagem, cultivo de hortali\u00e7as e reaproveitamento de recursos naturais, ampliando o alcance das a\u00e7\u00f5es de conscientiza\u00e7\u00e3o ambiental no munic\u00edpio. Al\u00e9m disso, o equipamento abriga um dos pontos de troca do Baldinho Verde, que permite que os moradores levem seus res\u00edduos org\u00e2nicos para trocar por composto, biofertilizante ou hortali\u00e7as.<\/p>\n\n\n\n<p class=\"wp-block-paragraph\">Al\u00e9m da apresenta\u00e7\u00e3o do Semasa, os t\u00e9cnicos andreenses participaram da programa\u00e7\u00e3o de palestras e bate-papos oferecidos ao longo do Congresso da Assemae. Em maio, representantes da autarquia tamb\u00e9m estiveram em Curitiba participando do Congresso Sul-Americano de Res\u00edduos S\u00f3lidos e Sustentabilidade e apresentando a experi\u00eancia do Breshopping.<\/p>\n\n\n\n<p class=\"wp-block-paragraph\"><\/p>\n","protected":false},"excerpt":{"rendered":"<p>Evento em Caxias do Sul re\u00fane especialistas e empresas em debates e feira de neg\u00f3cios Santo Andr\u00e9, 29 de maio de 2026 &#8211; Compartilhando as experi\u00eancias de sucesso andreenses, representantes do Semasa (Servi\u00e7o Municipal de Saneamento Ambiental de Santo Andr\u00e9) estiveram em Caxias do Sul (RS) nesta semana para apresentar os resultados do Quintal Verde [&hellip;]<\/p>\n","protected":false},"author":94,"featured_media":8453,"comment_status":"open","ping_status":"open","sticky":false,"template":"","format":"standard","meta":{"footnotes":""},"categories":[8,5],"tags":[],"class_list":["post-8452","post","type-post","status-publish","format-standard","has-post-thumbnail","hentry","category-releases","category-residuos-solidos"],"_links":{"self":[{"href":"https:\/\/portais.santoandre.sp.gov.br\/semasa\/wp-json\/wp\/v2\/posts\/8452","targetHints":{"allow":["GET"]}}],"collection":[{"href":"https:\/\/portais.santoandre.sp.gov.br\/semasa\/wp-json\/wp\/v2\/posts"}],"about":[{"href":"https:\/\/portais.santoandre.sp.gov.br\/semasa\/wp-json\/wp\/v2\/types\/post"}],"author":[{"embeddable":true,"href":"https:\/\/portais.santoandre.sp.gov.br\/semasa\/wp-json\/wp\/v2\/users\/94"}],"replies":[{"embeddable":true,"href":"https:\/\/portais.santoandre.sp.gov.br\/semasa\/wp-json\/wp\/v2\/comments?post=8452"}],"version-history":[{"count":1,"href":"https:\/\/portais.santoandre.sp.gov.br\/semasa\/wp-json\/wp\/v2\/posts\/8452\/revisions"}],"predecessor-version":[{"id":8454,"href":"https:\/\/portais.santoandre.sp.gov.br\/semasa\/wp-json\/wp\/v2\/posts\/8452\/revisions\/8454"}],"wp:featuredmedia":[{"embeddable":true,"href":"https:\/\/portais.santoandre.sp.gov.br\/semasa\/wp-json\/wp\/v2\/media\/8453"}],"wp:attachment":[{"href":"https:\/\/portais.santoandre.sp.gov.br\/semasa\/wp-json\/wp\/v2\/media?parent=8452"}],"wp:term":[{"taxonomy":"category","embeddable":true,"href":"https:\/\/portais.santoandre.sp.gov.br\/semasa\/wp-json\/wp\/v2\/categories?post=8452"},{"taxonomy":"post_tag","embeddable":true,"href":"https:\/\/portais.santoandre.sp.gov.br\/semasa\/wp-json\/wp\/v2\/tags?post=8452"}],"curies":[{"name":"wp","href":"https:\/\/api.w.org\/{rel}","templated":true}]}}