{"id":7669,"date":"2026-04-25T08:20:17","date_gmt":"2026-04-25T11:20:17","guid":{"rendered":"https:\/\/portais.santoandre.sp.gov.br\/semasa\/?p=7669"},"modified":"2026-04-27T08:24:19","modified_gmt":"2026-04-27T11:24:19","slug":"semasa-retoma-entrega-de-composteiras-em-unidades-educacionais-de-santo-andre","status":"publish","type":"post","link":"https:\/\/portais.santoandre.sp.gov.br\/semasa\/2026\/04\/25\/semasa-retoma-entrega-de-composteiras-em-unidades-educacionais-de-santo-andre\/","title":{"rendered":"Semasa retoma entrega de composteiras em unidades educacionais de Santo Andr\u00e9"},"content":{"rendered":"\n<p><em>Iniciativa integra o programa Composta Santo Andr\u00e9 e fortalece a educa\u00e7\u00e3o ambiental no munic\u00edpio<\/em>\u00a0<\/p>\n\n\n\n<p>Santo Andr\u00e9, 25 de abril de 2026 &#8211; A Secretaria de Meio Ambiente e Mudan\u00e7as Clim\u00e1ticas de Santo Andr\u00e9 realizou a entrega de uma composteira na Creche Professor Ant\u00f3nio Oliveira, no Jardim Alvorada, como parte da retomada do projeto de compostagem educativa do munic\u00edpio.\u00a0<\/p>\n\n\n\n<p>A iniciativa, realizada por meio do Semasa (Servi\u00e7o Municipal de Saneamento Ambiental de Santo Andr\u00e9), tem como objetivo incentivar pr\u00e1ticas sustent\u00e1veis desde a inf\u00e2ncia, promovendo o contato direto das crian\u00e7as com a gest\u00e3o de res\u00edduos org\u00e2nicos. Na unidade escolar, a composteira ser\u00e1 utilizada em conjunto com a horta j\u00e1 existente no espa\u00e7o, contribuindo para atividades pedag\u00f3gicas e para o fortalecimento da educa\u00e7\u00e3o ambiental.\u00a0<\/p>\n\n\n\n<p>Durante a entrega, a equipe do Departamento de Res\u00edduos S\u00f3lidos apresentou orienta\u00e7\u00f5es sobre o uso correto do equipamento, como os tipos de res\u00edduos org\u00e2nicos que podem ou n\u00e3o ser utilizados, cuidados com as minhocas, al\u00e9m de orienta\u00e7\u00f5es sobre o local ideal de instala\u00e7\u00e3o, evitando exposi\u00e7\u00e3o ao sol e \u00e0 chuva. No encontro, a educa\u00e7\u00e3o ambiental do Semasa realizou uma conversa com a equipe da unidade sobre a gest\u00e3o de res\u00edduos em Santo Andr\u00e9 e os benef\u00edcios da destina\u00e7\u00e3o correta dos materiais, como a amplia\u00e7\u00e3o da vida \u00fatil do Aterro Sanit\u00e1rio e o fortalecimento das cooperativas de reciclagem.\u00a0\u00a0<\/p>\n\n\n\n<p>Dados do munic\u00edpio indicam que cada morador andreense gera, em m\u00e9dia, cerca de 0,86 quilos de res\u00edduos por dia, \u00edndice abaixo da m\u00e9dia nacional, de 1,05 quilos por habitante\/dia. A ado\u00e7\u00e3o de pr\u00e1ticas como a compostagem contribui diretamente para a redu\u00e7\u00e3o desse volume e para a destina\u00e7\u00e3o mais sustent\u00e1vel dos res\u00edduos org\u00e2nicos.\u00a0<\/p>\n\n\n\n<p>\u201cA\u00e7\u00f5es como essa s\u00e3o fundamentais para aproximar as crian\u00e7as de pr\u00e1ticas sustent\u00e1veis desde cedo. Ao terem esse contato no dia a dia, elas passam a compreender a import\u00e2ncia do cuidado com o meio ambiente e ainda levam esse aprendizado para dentro de casa, compartilhando com suas fam\u00edlias\u201d, destaca a diretora da creche, Rosimeire Freitas da Silva Mendes.\u00a0<\/p>\n\n\n\n<p>A a\u00e7\u00e3o integra o programa Composta Santo Andr\u00e9, que amplia o antigo projeto Compostagem nas Escolas, iniciado em 2015. Atualmente, o programa contempla escolas municipais e estaduais, creches, equipamentos p\u00fablicos e institui\u00e7\u00f5es assistenciais. Nesta nova etapa, est\u00e3o dispon\u00edveis 15 composteiras. Al\u00e9m de contribuir com a coleta seletiva, a a\u00e7\u00e3o busca sensibilizar a popula\u00e7\u00e3o sobre os impactos da gera\u00e7\u00e3o de res\u00edduos e oferecer alternativas sustent\u00e1veis para o tratamento de materiais org\u00e2nicos, como restos de frutas, legumes, verduras e cascas de ovos.\u00a0<\/p>\n\n\n\n<p>Unidades educacionais interessadas em participar do programa podem manifestar interesse pelo Fale Conosco, dispon\u00edvel no site do Semasa (www.semasa.sp.gov.br).<\/p>\n\n\n\n<p><\/p>\n","protected":false},"excerpt":{"rendered":"<p>Iniciativa integra o programa Composta Santo Andr\u00e9 e fortalece a educa\u00e7\u00e3o ambiental no munic\u00edpio\u00a0 Santo Andr\u00e9, 25 de abril de 2026 &#8211; A Secretaria de Meio Ambiente e Mudan\u00e7as Clim\u00e1ticas de Santo Andr\u00e9 realizou a entrega de uma composteira na Creche Professor Ant\u00f3nio Oliveira, no Jardim Alvorada, como parte da retomada do projeto de compostagem [&hellip;]<\/p>\n","protected":false},"author":94,"featured_media":7672,"comment_status":"open","ping_status":"open","sticky":false,"template":"","format":"standard","meta":{"footnotes":""},"categories":[8,5],"tags":[],"class_list":["post-7669","post","type-post","status-publish","format-standard","has-post-thumbnail","hentry","category-releases","category-residuos-solidos"],"_links":{"self":[{"href":"https:\/\/portais.santoandre.sp.gov.br\/semasa\/wp-json\/wp\/v2\/posts\/7669","targetHints":{"allow":["GET"]}}],"collection":[{"href":"https:\/\/portais.santoandre.sp.gov.br\/semasa\/wp-json\/wp\/v2\/posts"}],"about":[{"href":"https:\/\/portais.santoandre.sp.gov.br\/semasa\/wp-json\/wp\/v2\/types\/post"}],"author":[{"embeddable":true,"href":"https:\/\/portais.santoandre.sp.gov.br\/semasa\/wp-json\/wp\/v2\/users\/94"}],"replies":[{"embeddable":true,"href":"https:\/\/portais.santoandre.sp.gov.br\/semasa\/wp-json\/wp\/v2\/comments?post=7669"}],"version-history":[{"count":1,"href":"https:\/\/portais.santoandre.sp.gov.br\/semasa\/wp-json\/wp\/v2\/posts\/7669\/revisions"}],"predecessor-version":[{"id":7673,"href":"https:\/\/portais.santoandre.sp.gov.br\/semasa\/wp-json\/wp\/v2\/posts\/7669\/revisions\/7673"}],"wp:featuredmedia":[{"embeddable":true,"href":"https:\/\/portais.santoandre.sp.gov.br\/semasa\/wp-json\/wp\/v2\/media\/7672"}],"wp:attachment":[{"href":"https:\/\/portais.santoandre.sp.gov.br\/semasa\/wp-json\/wp\/v2\/media?parent=7669"}],"wp:term":[{"taxonomy":"category","embeddable":true,"href":"https:\/\/portais.santoandre.sp.gov.br\/semasa\/wp-json\/wp\/v2\/categories?post=7669"},{"taxonomy":"post_tag","embeddable":true,"href":"https:\/\/portais.santoandre.sp.gov.br\/semasa\/wp-json\/wp\/v2\/tags?post=7669"}],"curies":[{"name":"wp","href":"https:\/\/api.w.org\/{rel}","templated":true}]}}