{"id":7599,"date":"2026-01-21T16:53:00","date_gmt":"2026-01-21T19:53:00","guid":{"rendered":"https:\/\/portais.santoandre.sp.gov.br\/semasa\/?p=7599"},"modified":"2026-04-15T16:54:29","modified_gmt":"2026-04-15T19:54:29","slug":"semasa-inicia-canalizacao-do-corrego-guarara-no-trecho-da-vila-rica","status":"publish","type":"post","link":"https:\/\/portais.santoandre.sp.gov.br\/semasa\/2026\/01\/21\/semasa-inicia-canalizacao-do-corrego-guarara-no-trecho-da-vila-rica\/","title":{"rendered":"Semasa inicia canaliza\u00e7\u00e3o do c\u00f3rrego Guarar\u00e1 no trecho da Vila Rica"},"content":{"rendered":"\n<p><em>Projeto tamb\u00e9m inclui implanta\u00e7\u00e3o de coletores tronco, obra que vai combater a polui\u00e7\u00e3o do c\u00f3rrego<\/em><\/p>\n\n\n\n<p>Santo Andr\u00e9, 21 de janeiro de 2019 \u2013 O Semasa (Servi\u00e7o Municipal de Saneamento Ambiental de Santo Andr\u00e9) deu in\u00edcio \u00e0 canaliza\u00e7\u00e3o de mais um trecho do c\u00f3rrego Guarar\u00e1. O canal, que tem 3,5 km j\u00e1 canalizados, quando \u00e9 margeado pela avenida Capit\u00e3o M\u00e1rio Toledo de Camargo, ganhar\u00e1 a benfeitoria em mais 153 metros, na Vila Rica.<\/p>\n\n\n\n<p>O novo trecho de canaliza\u00e7\u00e3o ser\u00e1 aberto e em concreto armado, entre a estrada da Cata Preta e o Residencial Vila Rica. Al\u00e9m disso, o projeto inclui a implanta\u00e7\u00e3o de 815,30 metros de coletores tronco de esgoto, de di\u00e2metro entre 200mm e 400mm, desde a estrada da Cata Preta at\u00e9 a avenida Inconfid\u00eancia Mineira.<\/p>\n\n\n\n<p>Um dos objetivos da obra \u00e9 regularizar o escoamento e as margens do&nbsp;Guarar\u00e1 no trecho. As interven\u00e7\u00f5es ainda fazem parte de um trabalho cont\u00ednuo do Semasa para ampliar o tratamento dos esgotos gerados em Santo Andr\u00e9 atrav\u00e9s da implanta\u00e7\u00e3o de coletores tronco, al\u00e9m de combaterem a polui\u00e7\u00e3o especificamente na bacia sanit\u00e1ria do Guarar\u00e1.<\/p>\n\n\n\n<p>Ao todo, ser\u00e3o investidos R$ 2,3 milh\u00f5es, sendo que R$ 1,8 milh\u00e3o s\u00e3o recursos do Governo Federal (PAC \u2013 Programa de Acelera\u00e7\u00e3o do Crescimento). A diferen\u00e7a corresponde \u00e0 contrapartida do Semasa. A previs\u00e3o \u00e9 que a obra seja finalizada em janeiro de 2020.<\/p>\n","protected":false},"excerpt":{"rendered":"<p>Projeto tamb\u00e9m inclui implanta\u00e7\u00e3o de coletores tronco, obra que vai combater a polui\u00e7\u00e3o do c\u00f3rrego Santo Andr\u00e9, 21 de janeiro de 2019 \u2013 O Semasa (Servi\u00e7o Municipal de Saneamento Ambiental de Santo Andr\u00e9) deu in\u00edcio \u00e0 canaliza\u00e7\u00e3o de mais um trecho do c\u00f3rrego Guarar\u00e1. O canal, que tem 3,5 km j\u00e1 canalizados, quando \u00e9 margeado [&hellip;]<\/p>\n","protected":false},"author":60,"featured_media":0,"comment_status":"open","ping_status":"open","sticky":false,"template":"","format":"standard","meta":{"footnotes":""},"categories":[11,12,17,8],"tags":[],"class_list":["post-7599","post","type-post","status-publish","format-standard","hentry","category-agua-e-esgoto","category-drenagem","category-noticias","category-releases"],"_links":{"self":[{"href":"https:\/\/portais.santoandre.sp.gov.br\/semasa\/wp-json\/wp\/v2\/posts\/7599","targetHints":{"allow":["GET"]}}],"collection":[{"href":"https:\/\/portais.santoandre.sp.gov.br\/semasa\/wp-json\/wp\/v2\/posts"}],"about":[{"href":"https:\/\/portais.santoandre.sp.gov.br\/semasa\/wp-json\/wp\/v2\/types\/post"}],"author":[{"embeddable":true,"href":"https:\/\/portais.santoandre.sp.gov.br\/semasa\/wp-json\/wp\/v2\/users\/60"}],"replies":[{"embeddable":true,"href":"https:\/\/portais.santoandre.sp.gov.br\/semasa\/wp-json\/wp\/v2\/comments?post=7599"}],"version-history":[{"count":1,"href":"https:\/\/portais.santoandre.sp.gov.br\/semasa\/wp-json\/wp\/v2\/posts\/7599\/revisions"}],"predecessor-version":[{"id":7600,"href":"https:\/\/portais.santoandre.sp.gov.br\/semasa\/wp-json\/wp\/v2\/posts\/7599\/revisions\/7600"}],"wp:attachment":[{"href":"https:\/\/portais.santoandre.sp.gov.br\/semasa\/wp-json\/wp\/v2\/media?parent=7599"}],"wp:term":[{"taxonomy":"category","embeddable":true,"href":"https:\/\/portais.santoandre.sp.gov.br\/semasa\/wp-json\/wp\/v2\/categories?post=7599"},{"taxonomy":"post_tag","embeddable":true,"href":"https:\/\/portais.santoandre.sp.gov.br\/semasa\/wp-json\/wp\/v2\/tags?post=7599"}],"curies":[{"name":"wp","href":"https:\/\/api.w.org\/{rel}","templated":true}]}}