{"id":6792,"date":"2026-03-11T08:13:44","date_gmt":"2026-03-11T11:13:44","guid":{"rendered":"https:\/\/portais.santoandre.sp.gov.br\/semasa\/?p=6792"},"modified":"2026-03-12T08:21:43","modified_gmt":"2026-03-12T11:21:43","slug":"santo-andre-promove-oficinas-territoriais-para-construcao-participativa-da-politica-municipal-sobre-mudanca-do-clima","status":"publish","type":"post","link":"https:\/\/portais.santoandre.sp.gov.br\/semasa\/2026\/03\/11\/santo-andre-promove-oficinas-territoriais-para-construcao-participativa-da-politica-municipal-sobre-mudanca-do-clima\/","title":{"rendered":"Santo Andr\u00e9 promove oficinas territoriais para constru\u00e7\u00e3o participativa da Pol\u00edtica Municipal sobre Mudan\u00e7a do Clima"},"content":{"rendered":"\n<p><em>Promovidos pelo Semasa, encontros marcam o Dia Nacional de Conscientiza\u00e7\u00e3o sobre as Mudan\u00e7as Clim\u00e1ticas<\/em>\u00a0<\/p>\n\n\n\n<p>Santo Andr\u00e9, 11 de mar\u00e7o de 2026 \u2013 A Secretaria de Meio Ambiente e Mudan\u00e7as Clim\u00e1ticas, por meio do Semasa (Servi\u00e7o Municipal de Saneamento Ambiental de Santo Andr\u00e9), inicia neste m\u00eas de mar\u00e7o uma s\u00e9rie de oficinas territoriais voltadas \u00e0 constru\u00e7\u00e3o participativa da Pol\u00edtica Municipal sobre Mudan\u00e7a do Clima (PMMC). Os encontros fazem parte do programa Santo Andr\u00e9 Pelo Clima e t\u00eam como objetivos ouvir a popula\u00e7\u00e3o, registrar experi\u00eancias e reunir sugest\u00f5es que contribuam para o desenvolvimento desta nova pol\u00edtica p\u00fablica. A programa\u00e7\u00e3o tamb\u00e9m se alia ao Dia Nacional de Conscientiza\u00e7\u00e3o sobre as Mudan\u00e7as Clim\u00e1ticas, celebrado oficialmente em 16 de mar\u00e7o, data que refor\u00e7a a import\u00e2ncia da mobiliza\u00e7\u00e3o da sociedade diante dos desafios clim\u00e1ticos.\u00a0<\/p>\n\n\n\n<p>As oficinas ser\u00e3o realizadas em diferentes regi\u00f5es do munic\u00edpio, ampliando a participa\u00e7\u00e3o social e garantindo que moradores de diferentes \u00e1reas possam contribuir com o processo. Durante os encontros, ser\u00e3o debatidos temas relacionados aos impactos das mudan\u00e7as clim\u00e1ticas no cotidiano da cidade, como chuvas intensas, alagamentos e ondas de calor, al\u00e9m de poss\u00edveis solu\u00e7\u00f5es e estrat\u00e9gias de adapta\u00e7\u00e3o. O processo tamb\u00e9m considera dados t\u00e9cnicos e mapeamentos realizados pelo munic\u00edpio, que apontam \u00e1reas mais suscet\u00edveis a eventos extremos como inunda\u00e7\u00f5es e deslizamentos, refor\u00e7ando a import\u00e2ncia de estrat\u00e9gias de preven\u00e7\u00e3o e adapta\u00e7\u00e3o clim\u00e1tica.\u00a0<\/p>\n\n\n\n<p>\u201cA Pol\u00edtica Municipal sobre Mudan\u00e7a do Clima \u00e9 um compromisso com o futuro de Santo Andr\u00e9. Ao integrar comunidade, dados t\u00e9cnicos e planejamento urbano, vamos reduzir riscos, melhorar a qualidade de vida e garantir mais seguran\u00e7a para fam\u00edlias e bairros vulner\u00e1veis. \u00c9 um passo decisivo para uma cidade mais resiliente, sustent\u00e1vel e preparada para as pr\u00f3ximas d\u00e9cadas\u201d, afirma o prefeito, Gilvan Ferreira.\u00a0<\/p>\n\n\n\n<p>Entre as oficinas abertas ao p\u00fablico j\u00e1 previstas est\u00e3o encontros nas regi\u00f5es do bairro Valpara\u00edso (no espa\u00e7o do Parque Escola\/Emea), Paranapiacaba, Parque Andreense, Parque do Pedroso e Jardim Santo Andr\u00e9, entre os dias 14 e 28 de mar\u00e7o. A participa\u00e7\u00e3o \u00e9 gratuita e a agenda completa, com o link para as inscri\u00e7\u00f5es, est\u00e1 dispon\u00edvel no site do Semasa, em\u00a0<a href=\"https:\/\/webmail.santoandre.sp.gov.br\/owa\/redir.aspx?C=Ti5dicrusYXEniKH-llO_DhJ6jwnop3kP93sFMAODpjpFOQ-KIDeCA..&amp;URL=http%3a%2f%2fwww.semasa.sp.gov.br\" target=\"_blank\" rel=\"noreferrer noopener\">www.semasa.sp.gov.br<\/a>.\u00a0<\/p>\n\n\n\n<p>A constru\u00e7\u00e3o da lei tamb\u00e9m ser\u00e1 apresentada em espa\u00e7os institucionais e de participa\u00e7\u00e3o social, como a reuni\u00e3o do Conselho Municipal de Gest\u00e3o e Saneamento Ambiental (Comugesan) e um encontro t\u00e9cnico com as comiss\u00f5es de Meio Ambiente e de Clima da OAB Santo Andr\u00e9, previsto para o dia 24 de mar\u00e7o.\u00a0<\/p>\n\n\n\n<p>Al\u00e9m das oficinas territoriais abertas, o processo de constru\u00e7\u00e3o da pol\u00edtica contar\u00e1 com atividades em grupos fechados, incluindo turmas de Educa\u00e7\u00e3o de Jovens e Adultos (EJA) e oficinas com p\u00fablico infantil, contemplando estudantes da Macrozona Urbana e da Macrozona de Prote\u00e7\u00e3o Ambiental.<\/p>\n\n\n\n<p>\u00a0\u201cA constru\u00e7\u00e3o participativa da Pol\u00edtica Municipal sobre Mudan\u00e7a do Clima \u00e9 uma ferramenta essencial. Quando a comunidade contribui, criamos solu\u00e7\u00f5es mais justas, eficazes e com maior capacidade de prote\u00e7\u00e3o e adapta\u00e7\u00e3o para toda a cidade\u201d, comenta o secret\u00e1rio de Meio Ambiente e Mudan\u00e7as Clim\u00e1ticas de Santo Andr\u00e9, Edinilson Ferreira dos Santos.<\/p>\n\n\n\n<p>\u00a0Essa pol\u00edtica vai orientar as a\u00e7\u00f5es da cidade para redu\u00e7\u00e3o de emiss\u00f5es de gases de efeito estufa, adapta\u00e7\u00e3o aos impactos clim\u00e1ticos e fortalecimento da resili\u00eancia urbana, contribuindo para um planejamento mais sustent\u00e1vel e preparado para os desafios ambientais das pr\u00f3ximas d\u00e9cadas.<\/p>\n","protected":false},"excerpt":{"rendered":"<p>Promovidos pelo Semasa, encontros marcam o Dia Nacional de Conscientiza\u00e7\u00e3o sobre as Mudan\u00e7as Clim\u00e1ticas\u00a0 Santo Andr\u00e9, 11 de mar\u00e7o de 2026 \u2013 A Secretaria de Meio Ambiente e Mudan\u00e7as Clim\u00e1ticas, por meio do Semasa (Servi\u00e7o Municipal de Saneamento Ambiental de Santo Andr\u00e9), inicia neste m\u00eas de mar\u00e7o uma s\u00e9rie de oficinas territoriais voltadas \u00e0 constru\u00e7\u00e3o [&hellip;]<\/p>\n","protected":false},"author":94,"featured_media":6793,"comment_status":"open","ping_status":"open","sticky":false,"template":"","format":"standard","meta":{"footnotes":""},"categories":[10,8],"tags":[],"class_list":["post-6792","post","type-post","status-publish","format-standard","has-post-thumbnail","hentry","category-institucional","category-releases"],"_links":{"self":[{"href":"https:\/\/portais.santoandre.sp.gov.br\/semasa\/wp-json\/wp\/v2\/posts\/6792","targetHints":{"allow":["GET"]}}],"collection":[{"href":"https:\/\/portais.santoandre.sp.gov.br\/semasa\/wp-json\/wp\/v2\/posts"}],"about":[{"href":"https:\/\/portais.santoandre.sp.gov.br\/semasa\/wp-json\/wp\/v2\/types\/post"}],"author":[{"embeddable":true,"href":"https:\/\/portais.santoandre.sp.gov.br\/semasa\/wp-json\/wp\/v2\/users\/94"}],"replies":[{"embeddable":true,"href":"https:\/\/portais.santoandre.sp.gov.br\/semasa\/wp-json\/wp\/v2\/comments?post=6792"}],"version-history":[{"count":1,"href":"https:\/\/portais.santoandre.sp.gov.br\/semasa\/wp-json\/wp\/v2\/posts\/6792\/revisions"}],"predecessor-version":[{"id":6794,"href":"https:\/\/portais.santoandre.sp.gov.br\/semasa\/wp-json\/wp\/v2\/posts\/6792\/revisions\/6794"}],"wp:featuredmedia":[{"embeddable":true,"href":"https:\/\/portais.santoandre.sp.gov.br\/semasa\/wp-json\/wp\/v2\/media\/6793"}],"wp:attachment":[{"href":"https:\/\/portais.santoandre.sp.gov.br\/semasa\/wp-json\/wp\/v2\/media?parent=6792"}],"wp:term":[{"taxonomy":"category","embeddable":true,"href":"https:\/\/portais.santoandre.sp.gov.br\/semasa\/wp-json\/wp\/v2\/categories?post=6792"},{"taxonomy":"post_tag","embeddable":true,"href":"https:\/\/portais.santoandre.sp.gov.br\/semasa\/wp-json\/wp\/v2\/tags?post=6792"}],"curies":[{"name":"wp","href":"https:\/\/api.w.org\/{rel}","templated":true}]}}