{"id":6701,"date":"2026-03-08T08:20:18","date_gmt":"2026-03-08T11:20:18","guid":{"rendered":"https:\/\/portais.santoandre.sp.gov.br\/semasa\/?p=6701"},"modified":"2026-03-09T08:23:43","modified_gmt":"2026-03-09T11:23:43","slug":"operacao-em-santo-andre-dispersa-baile-funk-e-apreende-caixas-de-som","status":"publish","type":"post","link":"https:\/\/portais.santoandre.sp.gov.br\/semasa\/2026\/03\/08\/operacao-em-santo-andre-dispersa-baile-funk-e-apreende-caixas-de-som\/","title":{"rendered":"Opera\u00e7\u00e3o em Santo Andr\u00e9 dispersa baile funk e apreende caixas de som"},"content":{"rendered":"\n<p><em>A\u00e7\u00e3o da GCM e do Semasa realizada neste fim de semana visa garantir o sossego p\u00fablico<\/em><\/p>\n\n\n\n<p>V\u00eddeo:\u00a0https:\/\/we.tl\/t-Htvq1PFxDx\u00a0<\/p>\n\n\n\n<p>Santo Andr\u00e9, 8 de mar\u00e7o de 2026 &#8211; A Prefeitura de Santo Andr\u00e9 realizou neste fim de semana mais uma Opera\u00e7\u00e3o Sono Tranquilo, por meio do Semasa (Servi\u00e7o Municipal de Saneamento Ambiental de Santo Andr\u00e9) e da GCM (Guarda Civil Municipal). A iniciativa visa combater excesso de barulho e garantir o sossego p\u00fablico.<\/p>\n\n\n\n<p>Na madrugada de s\u00e1bado (7) para domingo (8), a GCM dispersou centenas de pessoas que estavam em um baile funk na Vila Jo\u00e3o Ramalho. A Guarda Civil Municipal ainda entregou 19 autos de infra\u00e7\u00e3o de tr\u00e2nsito e fez a remo\u00e7\u00e3o de 12 ve\u00edculos, entre motocicletas e autom\u00f3veis, encaminhando-os ao p\u00e1tio municipal.\u00a0<\/p>\n\n\n\n<p>A Prefeitura de Santo Andr\u00e9 fez ainda apreens\u00e3o de oito caixas de som em estabelecimentos localizados nos bairros Cidade S\u00e3o Jorge e Vila Jo\u00e3o Ramalho. Os dois locais somam mais de R$ 11 mil em multas por excesso de barulho.\u00a0<\/p>\n\n\n\n<p>Durante a garantia da lei e da ordem, fiscais do Semasa tamb\u00e9m aplicaram multas em estabelecimentos da Vila Metal\u00fargica e do Parque Capuava.\u00a0<\/p>\n\n\n\n<p>\u201cNosso compromisso \u00e9 garantir o direito ao lazer, mas tamb\u00e9m assegurar o sossego e a qualidade de vida dos moradores de Santo Andr\u00e9. A Opera\u00e7\u00e3o Sono Tranquilo \u00e9 uma a\u00e7\u00e3o permanente da Prefeitura para combater o excesso de barulho, organizar o espa\u00e7o p\u00fablico e coibir irregularidades. Seguiremos atuando com firmeza e responsabilidade para manter a ordem na cidade e respeitar quem precisa descansar&#8221;, afirma o prefeito Gilvan Ferreira.<\/p>\n\n\n\n<p>Caso o mun\u00edcipe de Santo Andr\u00e9 seja incomodado por barulho excessivo em com\u00e9rcios, como bares, adegas, tabacarias, restaurantes, al\u00e9m de templos religiosos, obras e escolas de samba, a orienta\u00e7\u00e3o \u00e9 de registrar den\u00fancia pelo site www.semasa.sp.gov.br, no momento em que ocorre a perturba\u00e7\u00e3o de sossego.<br><\/p>\n\n\n\n<p><\/p>\n\n\n\n<p><br><\/p>\n\n\n\n<p><\/p>\n","protected":false},"excerpt":{"rendered":"<p>A\u00e7\u00e3o da GCM e do Semasa realizada neste fim de semana visa garantir o sossego p\u00fablico V\u00eddeo:\u00a0https:\/\/we.tl\/t-Htvq1PFxDx\u00a0 Santo Andr\u00e9, 8 de mar\u00e7o de 2026 &#8211; A Prefeitura de Santo Andr\u00e9 realizou neste fim de semana mais uma Opera\u00e7\u00e3o Sono Tranquilo, por meio do Semasa (Servi\u00e7o Municipal de Saneamento Ambiental de Santo Andr\u00e9) e da GCM [&hellip;]<\/p>\n","protected":false},"author":94,"featured_media":6702,"comment_status":"open","ping_status":"open","sticky":false,"template":"","format":"standard","meta":{"footnotes":""},"categories":[9,8],"tags":[],"class_list":["post-6701","post","type-post","status-publish","format-standard","has-post-thumbnail","hentry","category-fiscalizacao-ambiental","category-releases"],"_links":{"self":[{"href":"https:\/\/portais.santoandre.sp.gov.br\/semasa\/wp-json\/wp\/v2\/posts\/6701","targetHints":{"allow":["GET"]}}],"collection":[{"href":"https:\/\/portais.santoandre.sp.gov.br\/semasa\/wp-json\/wp\/v2\/posts"}],"about":[{"href":"https:\/\/portais.santoandre.sp.gov.br\/semasa\/wp-json\/wp\/v2\/types\/post"}],"author":[{"embeddable":true,"href":"https:\/\/portais.santoandre.sp.gov.br\/semasa\/wp-json\/wp\/v2\/users\/94"}],"replies":[{"embeddable":true,"href":"https:\/\/portais.santoandre.sp.gov.br\/semasa\/wp-json\/wp\/v2\/comments?post=6701"}],"version-history":[{"count":1,"href":"https:\/\/portais.santoandre.sp.gov.br\/semasa\/wp-json\/wp\/v2\/posts\/6701\/revisions"}],"predecessor-version":[{"id":6703,"href":"https:\/\/portais.santoandre.sp.gov.br\/semasa\/wp-json\/wp\/v2\/posts\/6701\/revisions\/6703"}],"wp:featuredmedia":[{"embeddable":true,"href":"https:\/\/portais.santoandre.sp.gov.br\/semasa\/wp-json\/wp\/v2\/media\/6702"}],"wp:attachment":[{"href":"https:\/\/portais.santoandre.sp.gov.br\/semasa\/wp-json\/wp\/v2\/media?parent=6701"}],"wp:term":[{"taxonomy":"category","embeddable":true,"href":"https:\/\/portais.santoandre.sp.gov.br\/semasa\/wp-json\/wp\/v2\/categories?post=6701"},{"taxonomy":"post_tag","embeddable":true,"href":"https:\/\/portais.santoandre.sp.gov.br\/semasa\/wp-json\/wp\/v2\/tags?post=6701"}],"curies":[{"name":"wp","href":"https:\/\/api.w.org\/{rel}","templated":true}]}}