{"id":6571,"date":"2026-03-04T08:08:31","date_gmt":"2026-03-04T11:08:31","guid":{"rendered":"https:\/\/portais.santoandre.sp.gov.br\/semasa\/?p=6571"},"modified":"2026-03-05T08:12:53","modified_gmt":"2026-03-05T11:12:53","slug":"acao-de-troca-gratuita-de-lampadas-chega-a-cinco-novas-estacoes-de-coleta-de-santo-andre","status":"publish","type":"post","link":"https:\/\/portais.santoandre.sp.gov.br\/semasa\/2026\/03\/04\/acao-de-troca-gratuita-de-lampadas-chega-a-cinco-novas-estacoes-de-coleta-de-santo-andre\/","title":{"rendered":"A\u00e7\u00e3o de troca gratuita de l\u00e2mpadas chega a cinco novas Esta\u00e7\u00f5es de Coleta de Santo Andr\u00e9"},"content":{"rendered":"\n<p><em>Parceria com a Enel amplia acesso \u00e0 efici\u00eancia energ\u00e9tica, permitindo troca de at\u00e9 20 l\u00e2mpadas por liga\u00e7\u00e3o<\/em>\u00a0<\/p>\n\n\n\n<p>Santo Andr\u00e9, 4 de mar\u00e7o de 2026 &#8211; A a\u00e7\u00e3o de troca gratuita de l\u00e2mpadas nas Esta\u00e7\u00f5es de Coleta de Santo Andr\u00e9, promovida pelo Semasa (Servi\u00e7o Municipal de Saneamento Ambiental de Santo Andr\u00e9) em parceria com a Enel S\u00e3o Paulo, entra em uma nova fase e passa a ocorrer em cinco novos ecopontos. At\u00e9 30 de abril, moradores poder\u00e3o realizar as trocas nas unidades Alvorada, Bangu, Jardim Santo Andr\u00e9, Utinga e Paranapiacaba, ampliando o alcance da iniciativa, que incentiva a efici\u00eancia energ\u00e9tica e a sustentabilidade.\u00a0<\/p>\n\n\n\n<p>\u201cEssa iniciativa mostra como as parcerias podem gerar benef\u00edcios concretos para a popula\u00e7\u00e3o. Ao ampliar a troca gratuita de l\u00e2mpadas para mais cinco Esta\u00e7\u00f5es de Coleta, estamos facilitando o acesso dos moradores a uma tecnologia mais eficiente, que reduz o consumo de energia, gera economia na conta de luz e ainda contribui para a preserva\u00e7\u00e3o do meio ambiente. Santo Andr\u00e9 segue avan\u00e7ando com a\u00e7\u00f5es que promovem sustentabilidade e qualidade de vida para a nossa gente\u201d, afirma o prefeito Gilvan Ferreira.\u00a0<\/p>\n\n\n\n<p>Sucesso nas etapas anteriores, a a\u00e7\u00e3o registrou resultados expressivos, com 2,1 mil l\u00e2mpadas de LED entregues \u00e0 popula\u00e7\u00e3o. Os modelos antigos foram encaminhados para a destina\u00e7\u00e3o ambientalmente correta, evitando o descarte incorreto de materiais que podem conter componentes prejudiciais ao meio ambiente, como no caso das fluorescentes.\u00a0\u00a0\u00a0<\/p>\n\n\n\n<p>Os mun\u00edcipes podem trocar at\u00e9 20 l\u00e2mpadas por liga\u00e7\u00e3o, sendo aceitas apenas as dos tipos incandescentes, hal\u00f3genas ou fluorescentes. Para participar, o morador de Santo Andr\u00e9 deve comparecer a uma das Esta\u00e7\u00f5es de Coleta participantes com a conta de energia e um documento de identidade com foto do titular.\u00a0<\/p>\n\n\n\n<p>A a\u00e7\u00e3o integra o Programa de Efici\u00eancia Energ\u00e9tica da Enel Distribui\u00e7\u00e3o S\u00e3o Paulo, regulado pela Aneel (Ag\u00eancia Nacional de Energia El\u00e9trica), que tem como objetivo estimular o uso consciente da energia e promover a substitui\u00e7\u00e3o de equipamentos menos eficientes por alternativas mais modernas, contribuindo para a redu\u00e7\u00e3o do consumo energ\u00e9tico e das emiss\u00f5es associadas \u00e0 gera\u00e7\u00e3o de eletricidade.\u00a0<\/p>\n\n\n\n<p>A tecnologia LED apresenta vida \u00fatil superior e consome at\u00e9 80% menos energia em compara\u00e7\u00e3o com as l\u00e2mpadas antigas, al\u00e9m de gerar menor impacto ambiental ao longo do ciclo de uso. A substitui\u00e7\u00e3o tamb\u00e9m pode representar economia na conta de luz dos moradores.\u00a0<\/p>\n\n\n\n<p>Servi\u00e7o<\/p>\n\n\n\n<p><strong>A\u00e7\u00e3o de troca gratuita de l\u00e2mpadas em Santo Andr\u00e9 &#8211; etapa 3<\/strong><br>Esta\u00e7\u00f5es de Coleta participantes:<br>| Atendimento de segunda a s\u00e1bado (inclusive feriados) das 9h \u00e0s 12h e das 13h \u00e0s 17h:\u00a0\u00a0\u00a0<\/p>\n\n\n\n<p>* Alvorada (Rua Rol\u00e2ndia, 400 &#8211; Jardim Alvorada)<\/p>\n\n\n\n<p>* Jardim Santo Andr\u00e9 (Rua da Vis\u00e3o, 501 &#8211; Jardim Santo Andr\u00e9)\u00a0<\/p>\n\n\n\n<p>* Bangu (Rua Orat\u00f3rio, 1000 &#8211; Bangu)\u00a0<\/p>\n\n\n\n<p>* Utinga (Avenida da Paz, 470 &#8211; Utinga)\u00a0<\/p>\n\n\n\n<p>| Atendimento de segunda a s\u00e1bado (exceto feriados), das 9h \u00e0s 12h e das 13h \u00e0s 17h:\u00a0\u00a0\u00a0<\/p>\n\n\n\n<p>* Paranapiacaba (Avenida Ford, 37 &#8211; Vila de Paranapiacaba)<\/p>\n","protected":false},"excerpt":{"rendered":"<p>Parceria com a Enel amplia acesso \u00e0 efici\u00eancia energ\u00e9tica, permitindo troca de at\u00e9 20 l\u00e2mpadas por liga\u00e7\u00e3o\u00a0 Santo Andr\u00e9, 4 de mar\u00e7o de 2026 &#8211; A a\u00e7\u00e3o de troca gratuita de l\u00e2mpadas nas Esta\u00e7\u00f5es de Coleta de Santo Andr\u00e9, promovida pelo Semasa (Servi\u00e7o Municipal de Saneamento Ambiental de Santo Andr\u00e9) em parceria com a Enel [&hellip;]<\/p>\n","protected":false},"author":94,"featured_media":6575,"comment_status":"open","ping_status":"open","sticky":false,"template":"","format":"standard","meta":{"footnotes":""},"categories":[8,5],"tags":[],"class_list":["post-6571","post","type-post","status-publish","format-standard","has-post-thumbnail","hentry","category-releases","category-residuos-solidos"],"_links":{"self":[{"href":"https:\/\/portais.santoandre.sp.gov.br\/semasa\/wp-json\/wp\/v2\/posts\/6571","targetHints":{"allow":["GET"]}}],"collection":[{"href":"https:\/\/portais.santoandre.sp.gov.br\/semasa\/wp-json\/wp\/v2\/posts"}],"about":[{"href":"https:\/\/portais.santoandre.sp.gov.br\/semasa\/wp-json\/wp\/v2\/types\/post"}],"author":[{"embeddable":true,"href":"https:\/\/portais.santoandre.sp.gov.br\/semasa\/wp-json\/wp\/v2\/users\/94"}],"replies":[{"embeddable":true,"href":"https:\/\/portais.santoandre.sp.gov.br\/semasa\/wp-json\/wp\/v2\/comments?post=6571"}],"version-history":[{"count":1,"href":"https:\/\/portais.santoandre.sp.gov.br\/semasa\/wp-json\/wp\/v2\/posts\/6571\/revisions"}],"predecessor-version":[{"id":6576,"href":"https:\/\/portais.santoandre.sp.gov.br\/semasa\/wp-json\/wp\/v2\/posts\/6571\/revisions\/6576"}],"wp:featuredmedia":[{"embeddable":true,"href":"https:\/\/portais.santoandre.sp.gov.br\/semasa\/wp-json\/wp\/v2\/media\/6575"}],"wp:attachment":[{"href":"https:\/\/portais.santoandre.sp.gov.br\/semasa\/wp-json\/wp\/v2\/media?parent=6571"}],"wp:term":[{"taxonomy":"category","embeddable":true,"href":"https:\/\/portais.santoandre.sp.gov.br\/semasa\/wp-json\/wp\/v2\/categories?post=6571"},{"taxonomy":"post_tag","embeddable":true,"href":"https:\/\/portais.santoandre.sp.gov.br\/semasa\/wp-json\/wp\/v2\/tags?post=6571"}],"curies":[{"name":"wp","href":"https:\/\/api.w.org\/{rel}","templated":true}]}}