{"id":6524,"date":"2026-03-02T13:30:10","date_gmt":"2026-03-02T16:30:10","guid":{"rendered":"https:\/\/portais.santoandre.sp.gov.br\/semasa\/?p=6524"},"modified":"2026-03-03T13:35:28","modified_gmt":"2026-03-03T16:35:28","slug":"consulta-publica-sobre-politica-municipal-de-mudanca-do-clima-de-santo-andre-recebe-mais-de-mil-contribuicoes","status":"publish","type":"post","link":"https:\/\/portais.santoandre.sp.gov.br\/semasa\/2026\/03\/02\/consulta-publica-sobre-politica-municipal-de-mudanca-do-clima-de-santo-andre-recebe-mais-de-mil-contribuicoes\/","title":{"rendered":"Consulta p\u00fablica sobre Pol\u00edtica Municipal de Mudan\u00e7a do Clima de Santo Andr\u00e9 recebe mais de mil contribui\u00e7\u00f5es"},"content":{"rendered":"\n<p><em>Arboriza\u00e7\u00e3o e preven\u00e7\u00e3o de enchentes dominam sugest\u00f5es; pr\u00f3ximas etapas incluem oficinas presenciais nos bairros<\/em>\u00a0<\/p>\n\n\n\n<p>Santo Andr\u00e9, 2 de mar\u00e7o de 2026 &#8211; Com ampla participa\u00e7\u00e3o digital e contribui\u00e7\u00f5es significativas, a Secretaria de Meio Ambiente e Mudan\u00e7as Clim\u00e1ticas, por meio do Semasa (Servi\u00e7o Municipal de Saneamento Ambiental de Santo Andr\u00e9), concluiu a consulta p\u00fablica para constru\u00e7\u00e3o da Pol\u00edtica Municipal de Mudan\u00e7a do Clima de Santo Andr\u00e9. O processo contou com a participa\u00e7\u00e3o de 1.214 pessoas, evidenciando que a emerg\u00eancia clim\u00e1tica j\u00e1 \u00e9 uma prioridade central para os moradores andreenses.\u00a0<\/p>\n\n\n\n<p>O balan\u00e7o das contribui\u00e7\u00f5es revela um retrato consistente e qualificado da percep\u00e7\u00e3o p\u00fablica sobre riscos e prioridades clim\u00e1ticas no munic\u00edpio. Embora cerca de 9% dos participantes tenham declarado morar em \u00e1reas de risco, as enchentes e eventos extremos foram apontados como preocupa\u00e7\u00e3o central pela maioria dos respondentes, o que indica uma consci\u00eancia coletiva ampliada sobre os impactos clim\u00e1ticos no munic\u00edpio.\u00a0\u00a0<\/p>\n\n\n\n<p>Entre os temas mais recorrentes, a arboriza\u00e7\u00e3o e a expans\u00e3o de \u00e1reas verdes lideram o ranking de sugest\u00f5es, que foram organizadas em 32 eixos tem\u00e1ticos. Para a gest\u00e3o municipal, esse forte apelo popular valida o foco em Solu\u00e7\u00f5es Baseadas na Natureza como estrat\u00e9gia urbana para a gest\u00e3o municipal.\u00a0<\/p>\n\n\n\n<p>\u201cO levantamento mostra ainda que a maioria das contribui\u00e7\u00f5es partiu de pessoas que residem na cidade e, aproximadamente 71% do total de respondentes manifestaram interesse em continuar acompanhando os pr\u00f3ximos passos da pol\u00edtica clim\u00e1tica, o que demonstra o engajamento e o potencial de mobiliza\u00e7\u00e3o social neste processo de escuta e constru\u00e7\u00e3o coletiva\u201d, comenta a coordenadora da iniciativa, a gerente do Semasa, Elaine Cristina da Silva Colin.\u00a0<\/p>\n\n\n\n<p><strong>Constru\u00e7\u00e3o coletiva e pr\u00f3ximos passos\u00a0&#8211;<\/strong>\u00a0A consulta digital n\u00e3o partiu do zero. Ela d\u00e1 continuidade a um processo participativo, que teve in\u00edcio na Confer\u00eancia Municipal de Meio Ambiente de 2024 e na Confer\u00eancia Municipal das Cidades de 2025. Estes encontros proporcionaram espa\u00e7os de di\u00e1logo e de prioriza\u00e7\u00e3o de demandas, com o estabelecimento de cinco eixos estrat\u00e9gicos de trabalho: mitiga\u00e7\u00e3o, adapta\u00e7\u00e3o e prepara\u00e7\u00e3o para desastres, justi\u00e7a clim\u00e1tica, transforma\u00e7\u00e3o ecol\u00f3gica, e governan\u00e7a e educa\u00e7\u00e3o ambiental.\u00a0\u00a0<\/p>\n\n\n\n<p>Desde ent\u00e3o, Santo Andr\u00e9 estabeleceu tamb\u00e9m um Comit\u00ea T\u00e9cnico de Mudan\u00e7as Clim\u00e1ticas, com participa\u00e7\u00e3o de representantes do poder p\u00fablico de diversas secretarias, incluindo Sa\u00fade, Desenvolvimento Urbano e Habita\u00e7\u00e3o, Educa\u00e7\u00e3o, Assist\u00eancia Social, Secretaria da Pessoa com Defici\u00eancia, Mobilidade Urbana, Desenvolvimento Econ\u00f4mico e Gera\u00e7\u00e3o de Emprego, Secretaria de infraestrutura e Obras, al\u00e9m da Secretaria de Manuten\u00e7\u00e3o e Servi\u00e7os Urbanos.\u00a0\u00a0<\/p>\n\n\n\n<p>Com o encerramento da etapa on-line, o processo avan\u00e7a para as pr\u00f3ximas fases. A partir de mar\u00e7o, ser\u00e1 realizada uma s\u00e9rie de oficinas territoriais presenciais nos bairros, ampliando o di\u00e1logo com a sociedade. Em breve, a agenda completa ser\u00e1 divulgada.\u00a0<\/p>\n\n\n\n<p>Na sequ\u00eancia, ocorrer\u00e3o a an\u00e1lise t\u00e9cnica consolidada das contribui\u00e7\u00f5es, audi\u00eancias p\u00fablicas e a elabora\u00e7\u00e3o do projeto de lei, que passar\u00e1 por nova consulta antes de seguir para vota\u00e7\u00e3o na C\u00e2mara Municipal. A previs\u00e3o \u00e9 que todo esse processo democr\u00e1tico seja conclu\u00eddo neste primeiro semestre, instituindo a primeira Pol\u00edtica Municipal de Mudan\u00e7a do Clima de Santo Andr\u00e9 como instrumento estruturante de desenvolvimento urbano sustent\u00e1vel, alinhado \u00e0s agendas nacionais e aos compromissos globais de enfrentamento \u00e0 mudan\u00e7a do clima.\u00a0<\/p>\n\n\n\n<p>D\u00favidas e sugest\u00f5es tamb\u00e9m podem ser enviadas a qualquer tempo para o e-mail politicasclimaticas@semasa.sp.gov.br.<\/p>\n","protected":false},"excerpt":{"rendered":"<p>Arboriza\u00e7\u00e3o e preven\u00e7\u00e3o de enchentes dominam sugest\u00f5es; pr\u00f3ximas etapas incluem oficinas presenciais nos bairros\u00a0 Santo Andr\u00e9, 2 de mar\u00e7o de 2026 &#8211; Com ampla participa\u00e7\u00e3o digital e contribui\u00e7\u00f5es significativas, a Secretaria de Meio Ambiente e Mudan\u00e7as Clim\u00e1ticas, por meio do Semasa (Servi\u00e7o Municipal de Saneamento Ambiental de Santo Andr\u00e9), concluiu a consulta p\u00fablica para constru\u00e7\u00e3o [&hellip;]<\/p>\n","protected":false},"author":94,"featured_media":6525,"comment_status":"open","ping_status":"open","sticky":false,"template":"","format":"standard","meta":{"footnotes":""},"categories":[10,8],"tags":[],"class_list":["post-6524","post","type-post","status-publish","format-standard","has-post-thumbnail","hentry","category-institucional","category-releases"],"_links":{"self":[{"href":"https:\/\/portais.santoandre.sp.gov.br\/semasa\/wp-json\/wp\/v2\/posts\/6524","targetHints":{"allow":["GET"]}}],"collection":[{"href":"https:\/\/portais.santoandre.sp.gov.br\/semasa\/wp-json\/wp\/v2\/posts"}],"about":[{"href":"https:\/\/portais.santoandre.sp.gov.br\/semasa\/wp-json\/wp\/v2\/types\/post"}],"author":[{"embeddable":true,"href":"https:\/\/portais.santoandre.sp.gov.br\/semasa\/wp-json\/wp\/v2\/users\/94"}],"replies":[{"embeddable":true,"href":"https:\/\/portais.santoandre.sp.gov.br\/semasa\/wp-json\/wp\/v2\/comments?post=6524"}],"version-history":[{"count":1,"href":"https:\/\/portais.santoandre.sp.gov.br\/semasa\/wp-json\/wp\/v2\/posts\/6524\/revisions"}],"predecessor-version":[{"id":6526,"href":"https:\/\/portais.santoandre.sp.gov.br\/semasa\/wp-json\/wp\/v2\/posts\/6524\/revisions\/6526"}],"wp:featuredmedia":[{"embeddable":true,"href":"https:\/\/portais.santoandre.sp.gov.br\/semasa\/wp-json\/wp\/v2\/media\/6525"}],"wp:attachment":[{"href":"https:\/\/portais.santoandre.sp.gov.br\/semasa\/wp-json\/wp\/v2\/media?parent=6524"}],"wp:term":[{"taxonomy":"category","embeddable":true,"href":"https:\/\/portais.santoandre.sp.gov.br\/semasa\/wp-json\/wp\/v2\/categories?post=6524"},{"taxonomy":"post_tag","embeddable":true,"href":"https:\/\/portais.santoandre.sp.gov.br\/semasa\/wp-json\/wp\/v2\/tags?post=6524"}],"curies":[{"name":"wp","href":"https:\/\/api.w.org\/{rel}","templated":true}]}}