{"id":6456,"date":"2026-02-27T08:16:10","date_gmt":"2026-02-27T11:16:10","guid":{"rendered":"https:\/\/portais.santoandre.sp.gov.br\/semasa\/?p=6456"},"modified":"2026-04-09T08:23:37","modified_gmt":"2026-04-09T11:23:37","slug":"acao-incentiva-reducao-do-uso-de-copos-de-plastico-na-prefeitura-de-santo-andre","status":"publish","type":"post","link":"https:\/\/portais.santoandre.sp.gov.br\/semasa\/2026\/02\/27\/acao-incentiva-reducao-do-uso-de-copos-de-plastico-na-prefeitura-de-santo-andre\/","title":{"rendered":"A\u00e7\u00e3o incentiva redu\u00e7\u00e3o do uso de copos de pl\u00e1stico na Prefeitura de Santo Andr\u00e9"},"content":{"rendered":"\n<p><em>Semasa distribuiu canecas de alum\u00ednio na sede da autarquia e no pr\u00e9dio do Executivo; estima-se que, por ano, mais de 33 mil copos s\u00e3o usados pelos servidores p\u00fablicos<\/em>\u00a0<\/p>\n\n\n\n<p>Santo Andr\u00e9, 27 de fevereiro de 2026 &#8211; A Prefeitura de Santo Andr\u00e9 implementou mais uma a\u00e7\u00e3o para ampliar a sustentabilidade na administra\u00e7\u00e3o p\u00fablica, refor\u00e7ando, assim, o compromisso dos servidores com a responsabilidade ambiental. No pr\u00e9dio do Executivo e no Semasa (Servi\u00e7o Municipal de Saneamento Ambiental de Santo Andr\u00e9), foram entregues 1,5 mil canecas de alum\u00ednio, visando a diminui\u00e7\u00e3o ou at\u00e9 mesmo a elimina\u00e7\u00e3o de copos pl\u00e1sticos.\u00a0\u00a0<\/p>\n\n\n\n<p>A distribui\u00e7\u00e3o foi feita de forma l\u00fadica pelo grupo \u00d3pera C\u00f4mica, parodiando can\u00e7\u00f5es de Carnaval. Por ano, estima-se que h\u00e1 consumo de mais de 33 mil descart\u00e1veis na administra\u00e7\u00e3o p\u00fablica municipal.\u00a0\u00a0<\/p>\n\n\n\n<p>\u00a0\u201cEstamos mostrando que \u00e9 poss\u00edvel fazer mais pelo meio ambiente come\u00e7ando dentro da pr\u00f3pria administra\u00e7\u00e3o p\u00fablica. A entrega das canecas de alum\u00ednio \u00e9 uma a\u00e7\u00e3o simples, mas com grande impacto, que reduz o uso de milhares de copos pl\u00e1sticos por ano e refor\u00e7a uma mudan\u00e7a de cultura entre os nossos servidores. Sustentabilidade n\u00e3o \u00e9 apenas um discurso, \u00e9 pr\u00e1tica di\u00e1ria, \u00e9 responsabilidade com os recursos p\u00fablicos e compromisso com as pr\u00f3ximas gera\u00e7\u00f5es\u201d, afirma o prefeito Gilvan Ferreira.\u00a0<\/p>\n\n\n\n<p>Ap\u00f3s sair da embalagem, a vida \u00fatil do copo descart\u00e1vel de pl\u00e1stico \u00e9 de, no m\u00e1ximo, 13 segundos. Outro fator relevante para a quest\u00e3o ambiental \u00e9 que tanto a produ\u00e7\u00e3o quanto a reciclagem desse tipo de material consomem muita \u00e1gua e energia, tornando o seu reaproveitamento invi\u00e1vel. Al\u00e9m disso, a maioria dos copos descart\u00e1veis \u00e9 proveniente de material derivado do petr\u00f3leo, causando impactos ambientais desde a extra\u00e7\u00e3o at\u00e9 a produ\u00e7\u00e3o. Esse tipo de res\u00edduo tamb\u00e9m demora entre 200 e 400 anos para se decompor.\u00a0\u00a0<\/p>\n\n\n\n<p>Essa a\u00e7\u00e3o faz parte do projeto A3P (Agenda Ambiental na Administra\u00e7\u00e3o P\u00fablica), que tem como objetivo a ado\u00e7\u00e3o de h\u00e1bitos sustent\u00e1veis no ambiente de trabalho. \u201cEsse projeto contribui para que os funcion\u00e1rios apliquem a responsabilidade socioambiental em suas atividades administrativas e operacionais, contribuindo para a preserva\u00e7\u00e3o de recursos naturais, o desenvolvimento de uma Santo Andr\u00e9 mais sustent\u00e1vel e tamb\u00e9m para a economia de recursos p\u00fablicos\u201d, explica o secret\u00e1rio de Meio Ambiente e Mudan\u00e7as Clim\u00e1ticas e superintendente do Semasa, Edinilson Ferreira dos Santos.\u00a0\u00a0<\/p>\n\n\n\n<p>Em meados de fevereiro, a autarquia fez outra interven\u00e7\u00e3o educativa para sensibilizar sobre o consumo de pl\u00e1sticos no ambiente de trabalho. Tanto \u00e9 que foi instalado um \u201cplastiqu\u00e1rio\u201d, estrutura em formato de aqu\u00e1rio, para que os servidores testemunhassem visualmente o volume de materiais que foi descartado em apenas uma semana.\u00a0<\/p>\n\n\n\n<p><strong>Balan\u00e7o do projeto &#8211;<\/strong>\u00a0Nesta semana, o Semasa fez um evento de balan\u00e7o do projeto A3P Santo Andr\u00e9, financiado com recursos do Fumgesan (Fundo Municipal de Gest\u00e3o e Saneamento Ambiental de Santo Andr\u00e9).\u00a0<\/p>\n\n\n\n<p>Desde 2023, quando a iniciativa come\u00e7ou e foi institu\u00edda por meio do Decreto Municipal 18.096\/23, mais de 600 servidores da administra\u00e7\u00e3o direta e indireta participaram de oficinas, visitas educativas, conversas e esquetes teatrais.\u00a0\u00a0<\/p>\n\n\n\n<p>Al\u00e9m da entrega de 1,5 mil canecas de alum\u00ednio, foi feita a distribui\u00e7\u00e3o de cerca de 600 caixas de reciclagem, bem como implanta\u00e7\u00e3o de composteiras. Houve ainda 13 boletins informativos e diversas produ\u00e7\u00f5es de materiais de comunica\u00e7\u00e3o.\u00a0\u00a0<\/p>\n\n\n\n<p>O programa A3P foi criado pelo Governo Federal em 1999 e trabalha cinco eixos de atua\u00e7\u00e3o: \u201cUso racional dos recursos naturais e bens p\u00fablicos\u201d, \u201cGest\u00e3o adequada dos res\u00edduos gerados\u201d, \u201cQualidade de vida no ambiente de trabalho\u201d, \u201cContrata\u00e7\u00f5es p\u00fablicas sustent\u00e1veis\u201d e \u201cSensibiliza\u00e7\u00e3o e capacita\u00e7\u00e3o dos servidores\u201d, sendo esse \u00faltimo o eixo adotado, inicialmente, no munic\u00edpio de Santo Andr\u00e9.\u00a0\u00a0<\/p>\n\n\n\n<p>Com o projeto A3P, o Semasa buscou reduzir o uso de pl\u00e1stico e de papel, economizar \u00e1gua e energia el\u00e9trica, incentivar a participa\u00e7\u00e3o dos funcion\u00e1rios na coleta seletiva, reaproveitar res\u00edduos org\u00e2nicos para compostagem e implementar composteiras e hortas comunit\u00e1rias nos ambientes de trabalho.\u00a0\u00a0<\/p>\n\n\n\n<p>Com o fim do projeto financiado, agora a Agenda Ambiental na Administra\u00e7\u00e3o P\u00fablica seguir\u00e1 sob comando de uma comiss\u00e3o gestora, composta por representantes de diversas secretarias do munic\u00edpio. A pr\u00f3xima etapa \u00e9 expandir a A3P para mais \u00e1reas da Prefeitura de Santo Andr\u00e9, incluindo outros eixos tem\u00e1ticos.\u00a0\u00a0<\/p>\n\n\n\n<p>\u201cPara o futuro, teremos a\u00e7\u00f5es focadas, por exemplo, em constru\u00e7\u00f5es e licita\u00e7\u00f5es sustent\u00e1veis, manuten\u00e7\u00e3o das atividades na qualidade de vida dos servidores. O projeto A3P deixa como legado a integra\u00e7\u00e3o dos diversos setores e o protagonismo dos funcion\u00e1rios na pauta ambiental\u201d, explica o coordenador da iniciativa, o engenheiro ambiental Bruno Brito dos Santos.\u00a0\u00a0<\/p>\n\n\n\n<p><strong>Premia\u00e7\u00f5es &#8211;<\/strong>\u00a0O reconhecimento do projeto A3P de Santo Andr\u00e9 se estende para al\u00e9m do munic\u00edpio. Em 2024, a iniciativa ganhou o 10\u00ba Pr\u00eamio A3P \u2013 Melhores Pr\u00e1ticas de Sustentabilidade, do Minist\u00e9rio do Meio Ambiente e Mudan\u00e7a do Clima. A cidade concorreu com 19 projetos de todo o Brasil, conquistando o 2\u00ba lugar.\u00a0<\/p>\n\n\n\n<p>J\u00e1 no ano passado, o projeto tamb\u00e9m recebeu o Pr\u00eamio EGEA do Servidor Andreense \u2013 Excel\u00eancia no Servi\u00e7o P\u00fablico 2025, realizado pela pr\u00f3pria prefeitura.\u00a0\u00a0<\/p>\n\n\n\n<p>Todas as atividades e conquistas da Agenda Ambiental na Administra\u00e7\u00e3o P\u00fablica de Santo Andr\u00e9 podem ser conferidas pelo site wwww.semasa.sp.gov.br\/a3p.<\/p>\n","protected":false},"excerpt":{"rendered":"<p>Semasa distribuiu canecas de alum\u00ednio na sede da autarquia e no pr\u00e9dio do Executivo; estima-se que, por ano, mais de 33 mil copos s\u00e3o usados pelos servidores p\u00fablicos\u00a0 Santo Andr\u00e9, 27 de fevereiro de 2026 &#8211; A Prefeitura de Santo Andr\u00e9 implementou mais uma a\u00e7\u00e3o para ampliar a sustentabilidade na administra\u00e7\u00e3o p\u00fablica, refor\u00e7ando, assim, o [&hellip;]<\/p>\n","protected":false},"author":94,"featured_media":6458,"comment_status":"open","ping_status":"open","sticky":false,"template":"","format":"standard","meta":{"footnotes":""},"categories":[8,5],"tags":[],"class_list":["post-6456","post","type-post","status-publish","format-standard","has-post-thumbnail","hentry","category-releases","category-residuos-solidos"],"_links":{"self":[{"href":"https:\/\/portais.santoandre.sp.gov.br\/semasa\/wp-json\/wp\/v2\/posts\/6456","targetHints":{"allow":["GET"]}}],"collection":[{"href":"https:\/\/portais.santoandre.sp.gov.br\/semasa\/wp-json\/wp\/v2\/posts"}],"about":[{"href":"https:\/\/portais.santoandre.sp.gov.br\/semasa\/wp-json\/wp\/v2\/types\/post"}],"author":[{"embeddable":true,"href":"https:\/\/portais.santoandre.sp.gov.br\/semasa\/wp-json\/wp\/v2\/users\/94"}],"replies":[{"embeddable":true,"href":"https:\/\/portais.santoandre.sp.gov.br\/semasa\/wp-json\/wp\/v2\/comments?post=6456"}],"version-history":[{"count":1,"href":"https:\/\/portais.santoandre.sp.gov.br\/semasa\/wp-json\/wp\/v2\/posts\/6456\/revisions"}],"predecessor-version":[{"id":6459,"href":"https:\/\/portais.santoandre.sp.gov.br\/semasa\/wp-json\/wp\/v2\/posts\/6456\/revisions\/6459"}],"wp:featuredmedia":[{"embeddable":true,"href":"https:\/\/portais.santoandre.sp.gov.br\/semasa\/wp-json\/wp\/v2\/media\/6458"}],"wp:attachment":[{"href":"https:\/\/portais.santoandre.sp.gov.br\/semasa\/wp-json\/wp\/v2\/media?parent=6456"}],"wp:term":[{"taxonomy":"category","embeddable":true,"href":"https:\/\/portais.santoandre.sp.gov.br\/semasa\/wp-json\/wp\/v2\/categories?post=6456"},{"taxonomy":"post_tag","embeddable":true,"href":"https:\/\/portais.santoandre.sp.gov.br\/semasa\/wp-json\/wp\/v2\/tags?post=6456"}],"curies":[{"name":"wp","href":"https:\/\/api.w.org\/{rel}","templated":true}]}}