{"id":6173,"date":"2026-01-14T08:18:30","date_gmt":"2026-01-14T11:18:30","guid":{"rendered":"https:\/\/portais.santoandre.sp.gov.br\/semasa\/?p=6173"},"modified":"2026-01-15T08:23:36","modified_gmt":"2026-01-15T11:23:36","slug":"santo-andre-integra-saneamento-ambiental-com-gestao-de-drenagem","status":"publish","type":"post","link":"https:\/\/portais.santoandre.sp.gov.br\/semasa\/2026\/01\/14\/santo-andre-integra-saneamento-ambiental-com-gestao-de-drenagem\/","title":{"rendered":"Santo Andr\u00e9 integra saneamento ambiental com gest\u00e3o de drenagem"},"content":{"rendered":"\n<p><em>Semasa volta a ser respons\u00e1vel pelos servi\u00e7os de limpeza e manuten\u00e7\u00e3o de c\u00f3rregos, piscin\u00f5es, bueiros e outros equipamentos<\/em>\u00a0<\/p>\n\n\n\n<p>Santo Andr\u00e9, 14 de janeiro de 2026 \u2013 Os servi\u00e7os de drenagem e manejo de \u00e1guas pluviais urbanas retornaram para a gest\u00e3o do Semasa (Servi\u00e7o Municipal de Saneamento Ambiental de Santo Andr\u00e9), fortalecendo o conceito de saneamento ambiental integrado, ou seja, quando um mesmo \u00f3rg\u00e3o executa servi\u00e7os que promovem preserva\u00e7\u00e3o ambiental, sa\u00fade p\u00fablica e desenvolvimento sustent\u00e1vel.\u00a0<\/p>\n\n\n\n<p>Com isso, a autarquia, que \u00e9 subordinada tecnicamente \u00e0 Secretaria de Meio Ambiente e Mudan\u00e7as Clim\u00e1ticas, fica respons\u00e1vel pela drenagem urbana, gest\u00e3o ambiental (fiscaliza\u00e7\u00e3o, licenciamento e educa\u00e7\u00e3o ambiental), gest\u00e3o de res\u00edduos s\u00f3lidos (limpeza urbana, coleta, tratamento e destina\u00e7\u00e3o ambientalmente adequada) e pela administra\u00e7\u00e3o das duas unidades de conserva\u00e7\u00e3o municipais \u2013 o Parque Natural do Pedroso e o Parque Natural Nascentes de Paranapiacaba.\u00a0<\/p>\n\n\n\n<p>No escopo da secretaria tamb\u00e9m est\u00e1 o Departamento de Prote\u00e7\u00e3o e Defesa Civil, respons\u00e1vel pela gest\u00e3o de riscos urbanos e ambientais, com a\u00e7\u00f5es de preven\u00e7\u00e3o, mitiga\u00e7\u00e3o de desastres, resposta e restabelecimento da normalidade social.\u00a0<\/p>\n\n\n\n<p>\u201cO saneamento ambiental integrado \u00e9 muito importante, pois um servi\u00e7o est\u00e1 direta ou indiretamente conectado ao outro. Se h\u00e1 problemas na coleta ou varri\u00e7\u00e3o, por exemplo, o sistema de drenagem ser\u00e1 prejudicado. Al\u00e9m disso, neste momento de eventos extremos, esta reintegra\u00e7\u00e3o fortalece ainda mais as nossas pol\u00edticas que contribuem para enfrentar as consequ\u00eancias da mudan\u00e7a do clima\u201d, explica o secret\u00e1rio de Meio Ambiente e Mudan\u00e7as Clim\u00e1ticas, Edinilson Ferreira dos Santos.\u00a0<\/p>\n\n\n\n<p>A drenagem era executada pela Prefeitura de Santo Andr\u00e9 at\u00e9 1997, quando foi transferida para o Semasa. Em 2021, os servi\u00e7os voltaram para a administra\u00e7\u00e3o direta. Em dezembro de 2025, essa gest\u00e3o passou a integrar novamente o rol de compet\u00eancias da autarquia.\u00a0\u00a0\u00a0<\/p>\n\n\n\n<p>Tamb\u00e9m s\u00e3o pilares do saneamento ambiental integrado a \u00e1gua pot\u00e1vel e o esgotamento sanit\u00e1rio. Em Santo Andr\u00e9, esses servi\u00e7os foram delegados \u00e0 Sabesp a partir de setembro de 2019, por\u00e9m o Semasa continua sendo o guardi\u00e3o da pol\u00edtica de saneamento do munic\u00edpio, exercendo papel fundamental para acompanhar e monitorar o cumprimento das metas de universaliza\u00e7\u00e3o.\u00a0\u00a0<\/p>\n\n\n\n<p>Comp\u00f5em o sistema de drenagem estruturas que coletam, transportam ou ret\u00eam a \u00e1gua pluvial, garantindo o escoamento natural da \u00e1gua para a superf\u00edcie subterr\u00e2nea, prevenindo, assim, inunda\u00e7\u00f5es e minimizando impactos \u00e0 sa\u00fade e ao meio ambiente, bem como danos materiais, estruturais e riscos \u00e0 vida humana e animal.\u00a0\u00a0\u00a0<\/p>\n\n\n\n<p>Entre as interven\u00e7\u00f5es executadas, est\u00e3o: limpeza de c\u00f3rregos; constru\u00e7\u00e3o e manuten\u00e7\u00e3o de galerias de \u00e1guas pluviais, bocas de lobo, ralos, po\u00e7os de visita, escadas hidr\u00e1ulicas e canaletas; manuten\u00e7\u00e3o em piscin\u00f5es e microrreservat\u00f3rios; obras estruturais, como conten\u00e7\u00e3o de margens de cursos d\u2019\u00e1gua; e sistema de monitoramento de c\u00f3rregos, piscin\u00f5es e pontos alag\u00e1veis.<\/p>\n","protected":false},"excerpt":{"rendered":"<p>Semasa volta a ser respons\u00e1vel pelos servi\u00e7os de limpeza e manuten\u00e7\u00e3o de c\u00f3rregos, piscin\u00f5es, bueiros e outros equipamentos\u00a0 Santo Andr\u00e9, 14 de janeiro de 2026 \u2013 Os servi\u00e7os de drenagem e manejo de \u00e1guas pluviais urbanas retornaram para a gest\u00e3o do Semasa (Servi\u00e7o Municipal de Saneamento Ambiental de Santo Andr\u00e9), fortalecendo o conceito de saneamento [&hellip;]<\/p>\n","protected":false},"author":94,"featured_media":6174,"comment_status":"open","ping_status":"open","sticky":false,"template":"","format":"standard","meta":{"footnotes":""},"categories":[12,8],"tags":[],"class_list":["post-6173","post","type-post","status-publish","format-standard","has-post-thumbnail","hentry","category-drenagem","category-releases"],"_links":{"self":[{"href":"https:\/\/portais.santoandre.sp.gov.br\/semasa\/wp-json\/wp\/v2\/posts\/6173","targetHints":{"allow":["GET"]}}],"collection":[{"href":"https:\/\/portais.santoandre.sp.gov.br\/semasa\/wp-json\/wp\/v2\/posts"}],"about":[{"href":"https:\/\/portais.santoandre.sp.gov.br\/semasa\/wp-json\/wp\/v2\/types\/post"}],"author":[{"embeddable":true,"href":"https:\/\/portais.santoandre.sp.gov.br\/semasa\/wp-json\/wp\/v2\/users\/94"}],"replies":[{"embeddable":true,"href":"https:\/\/portais.santoandre.sp.gov.br\/semasa\/wp-json\/wp\/v2\/comments?post=6173"}],"version-history":[{"count":1,"href":"https:\/\/portais.santoandre.sp.gov.br\/semasa\/wp-json\/wp\/v2\/posts\/6173\/revisions"}],"predecessor-version":[{"id":6175,"href":"https:\/\/portais.santoandre.sp.gov.br\/semasa\/wp-json\/wp\/v2\/posts\/6173\/revisions\/6175"}],"wp:featuredmedia":[{"embeddable":true,"href":"https:\/\/portais.santoandre.sp.gov.br\/semasa\/wp-json\/wp\/v2\/media\/6174"}],"wp:attachment":[{"href":"https:\/\/portais.santoandre.sp.gov.br\/semasa\/wp-json\/wp\/v2\/media?parent=6173"}],"wp:term":[{"taxonomy":"category","embeddable":true,"href":"https:\/\/portais.santoandre.sp.gov.br\/semasa\/wp-json\/wp\/v2\/categories?post=6173"},{"taxonomy":"post_tag","embeddable":true,"href":"https:\/\/portais.santoandre.sp.gov.br\/semasa\/wp-json\/wp\/v2\/tags?post=6173"}],"curies":[{"name":"wp","href":"https:\/\/api.w.org\/{rel}","templated":true}]}}