{"id":6161,"date":"2026-01-12T08:21:36","date_gmt":"2026-01-12T11:21:36","guid":{"rendered":"https:\/\/portais.santoandre.sp.gov.br\/semasa\/?p=6161"},"modified":"2026-01-13T08:27:07","modified_gmt":"2026-01-13T11:27:07","slug":"santo-andre-valoriza-participacao-popular-na-construcao-do-quintal-verde-ana-maria","status":"publish","type":"post","link":"https:\/\/portais.santoandre.sp.gov.br\/semasa\/2026\/01\/12\/santo-andre-valoriza-participacao-popular-na-construcao-do-quintal-verde-ana-maria\/","title":{"rendered":"Santo Andr\u00e9 valoriza participa\u00e7\u00e3o popular na constru\u00e7\u00e3o do Quintal Verde Ana Maria"},"content":{"rendered":"\n<p><em>Novo espa\u00e7o de pr\u00e1ticas agroecol\u00f3gicas e de educa\u00e7\u00e3o ambiental da cidade tamb\u00e9m tem parceria com a Transpetro<\/em>\u00a0<\/p>\n\n\n\n<p>Santo Andr\u00e9, 12 de janeiro de 2026 \u2013 O Quintal Verde Ana Maria, voltado a pr\u00e1ticas sustent\u00e1veis na cidade de Santo Andr\u00e9, est\u00e1 ganhando forma. O Semasa (Servi\u00e7o Municipal de Saneamento Ambiental de Santo Andr\u00e9) avan\u00e7a na constru\u00e7\u00e3o do local em parceria com a sociedade civil e a Transpetro, transformando uma \u00e1rea degradada em espa\u00e7o de educa\u00e7\u00e3o ambiental restaurado.\u00a0<\/p>\n\n\n\n<p>O terreno de mais de 3 mil m\u00b2, localizado na Avenida C\u00e2ndido Camargo, no Jardim Ana Maria, \u00e9 o segundo equipamento do tipo a ser implantado na cidade. Nos pr\u00f3ximos meses, em vez de encontrar um lugar com descarte irregular de res\u00edduos e sem exercer a sua fun\u00e7\u00e3o social, a popula\u00e7\u00e3o poder\u00e1 vivenciar diversas pr\u00e1ticas, que v\u00e3o desde compostagem, agroecologia, agrofloresta e plantio e cultivo de ervas medicinais.\u00a0<\/p>\n\n\n\n<p>\u201cO nosso segundo Quintal Verde tem um diferencial: o de valorizar a sociedade civil e trazer parceiros importantes. Ao promover a gest\u00e3o compartilhada do espa\u00e7o, conseguimos envolver ainda mais pessoas na restaura\u00e7\u00e3o ecol\u00f3gica, nas quest\u00f5es ambientais e em equipamentos p\u00fablicos como este\u201d, explica o secret\u00e1rio de Meio Ambiente e Mudan\u00e7as Clim\u00e1ticas, Edinilson Ferreira dos Santos, respons\u00e1vel tamb\u00e9m pelo Semasa.<\/p>\n\n\n\n<p>\u00a0A autarquia est\u00e1 sendo respons\u00e1vel pelo monitoramento da despolui\u00e7\u00e3o do c\u00f3rrego e pela implanta\u00e7\u00e3o de um p\u00e1tio de compostagem no local, onde ser\u00e3o processados restos de res\u00edduos org\u00e2nicos para a produ\u00e7\u00e3o de composto, al\u00e9m de biofertilizante.\u00a0<\/p>\n\n\n\n<p>Os adubos ser\u00e3o produzidos com res\u00edduos provenientes de feiras livres da regi\u00e3o e tamb\u00e9m por meio do projeto Baldinho Verde. Com essa iniciativa, os moradores v\u00e3o at\u00e9 o Quintal Verde para trocar org\u00e2nicos por composto, biofertilizante ou hortali\u00e7as.\u00a0<\/p>\n\n\n\n<p>Em parceria com o INE (Instituto Nova Era de Desenvolvimento Socioambiental) e o Coletivo Nasa (N\u00facleo de A\u00e7\u00f5es Socioculturais Ativista), a agrofloresta existente no local est\u00e1 sendo enriquecida e ampliada. Al\u00e9m disso, haver\u00e1 implanta\u00e7\u00e3o de um viveiro de mudas e a\u00e7\u00f5es que contribuem para a recupera\u00e7\u00e3o do c\u00f3rrego. As melhorias ocorrem por meio do projeto Florestas Produtivas na Bacia do Tamanduate\u00ed.\u00a0<\/p>\n\n\n\n<p>A institui\u00e7\u00e3o Mulheres M\u00e3es Jardineiras atua no Quintal Verde Ana Maria com a implanta\u00e7\u00e3o de canteiros de ervas medicinais de canteiros com ervas medicinais. J\u00e1 a Transpetro, que possui uma faixa de oleoduto pr\u00f3xima ao terreno, contribuiu com o cercamento do local, por meio do programa Faixa da Gente.\u00a0<\/p>\n\n\n\n<p>A previs\u00e3o \u00e9 de que o novo espa\u00e7o de educa\u00e7\u00e3o ambiental seja inaugurado ainda no primeiro quadrimestre deste ano. O Semasa e as institui\u00e7\u00f5es sociais promover\u00e3o no local visitas, oficinas e forma\u00e7\u00f5es relacionadas a pr\u00e1ticas sustent\u00e1veis, produ\u00e7\u00e3o e cultivo de alimentos saud\u00e1veis, compostagem de res\u00edduos, gera\u00e7\u00e3o de trabalho e renda, dentre outros.\u00a0<\/p>\n\n\n\n<p>Com isso, a nova \u00e1rea ser\u00e1 mais um espa\u00e7o de refer\u00eancia para agricultores urbanos e periurbanos, educadores ambientais, comunidades, estudantes de escolas da rede p\u00fablica e privada de Santo Andr\u00e9.<\/p>\n","protected":false},"excerpt":{"rendered":"<p>Novo espa\u00e7o de pr\u00e1ticas agroecol\u00f3gicas e de educa\u00e7\u00e3o ambiental da cidade tamb\u00e9m tem parceria com a Transpetro\u00a0 Santo Andr\u00e9, 12 de janeiro de 2026 \u2013 O Quintal Verde Ana Maria, voltado a pr\u00e1ticas sustent\u00e1veis na cidade de Santo Andr\u00e9, est\u00e1 ganhando forma. O Semasa (Servi\u00e7o Municipal de Saneamento Ambiental de Santo Andr\u00e9) avan\u00e7a na constru\u00e7\u00e3o [&hellip;]<\/p>\n","protected":false},"author":94,"featured_media":6162,"comment_status":"open","ping_status":"open","sticky":false,"template":"","format":"standard","meta":{"footnotes":""},"categories":[8,5],"tags":[],"class_list":["post-6161","post","type-post","status-publish","format-standard","has-post-thumbnail","hentry","category-releases","category-residuos-solidos"],"_links":{"self":[{"href":"https:\/\/portais.santoandre.sp.gov.br\/semasa\/wp-json\/wp\/v2\/posts\/6161","targetHints":{"allow":["GET"]}}],"collection":[{"href":"https:\/\/portais.santoandre.sp.gov.br\/semasa\/wp-json\/wp\/v2\/posts"}],"about":[{"href":"https:\/\/portais.santoandre.sp.gov.br\/semasa\/wp-json\/wp\/v2\/types\/post"}],"author":[{"embeddable":true,"href":"https:\/\/portais.santoandre.sp.gov.br\/semasa\/wp-json\/wp\/v2\/users\/94"}],"replies":[{"embeddable":true,"href":"https:\/\/portais.santoandre.sp.gov.br\/semasa\/wp-json\/wp\/v2\/comments?post=6161"}],"version-history":[{"count":1,"href":"https:\/\/portais.santoandre.sp.gov.br\/semasa\/wp-json\/wp\/v2\/posts\/6161\/revisions"}],"predecessor-version":[{"id":6163,"href":"https:\/\/portais.santoandre.sp.gov.br\/semasa\/wp-json\/wp\/v2\/posts\/6161\/revisions\/6163"}],"wp:featuredmedia":[{"embeddable":true,"href":"https:\/\/portais.santoandre.sp.gov.br\/semasa\/wp-json\/wp\/v2\/media\/6162"}],"wp:attachment":[{"href":"https:\/\/portais.santoandre.sp.gov.br\/semasa\/wp-json\/wp\/v2\/media?parent=6161"}],"wp:term":[{"taxonomy":"category","embeddable":true,"href":"https:\/\/portais.santoandre.sp.gov.br\/semasa\/wp-json\/wp\/v2\/categories?post=6161"},{"taxonomy":"post_tag","embeddable":true,"href":"https:\/\/portais.santoandre.sp.gov.br\/semasa\/wp-json\/wp\/v2\/tags?post=6161"}],"curies":[{"name":"wp","href":"https:\/\/api.w.org\/{rel}","templated":true}]}}