{"id":6155,"date":"2026-01-11T11:33:31","date_gmt":"2026-01-11T14:33:31","guid":{"rendered":"https:\/\/portais.santoandre.sp.gov.br\/semasa\/?p=6155"},"modified":"2026-01-12T11:37:21","modified_gmt":"2026-01-12T14:37:21","slug":"santo-andre-autua-estabelecimentos-em-oito-bairros-durante-operacao-sono-tranquilo","status":"publish","type":"post","link":"https:\/\/portais.santoandre.sp.gov.br\/semasa\/2026\/01\/11\/santo-andre-autua-estabelecimentos-em-oito-bairros-durante-operacao-sono-tranquilo\/","title":{"rendered":"Santo Andr\u00e9 autua estabelecimentos em oito bairros durante Opera\u00e7\u00e3o Sono Tranquilo"},"content":{"rendered":"\n<p><em>Primeira a\u00e7\u00e3o do ano contra barulho excessivo resultou em aplica\u00e7\u00e3o de advert\u00eancias e multas<\/em>\u00a0<\/p>\n\n\n\n<p>Santo Andr\u00e9, 11 de janeiro de 2026 &#8211; A Prefeitura de Santo Andr\u00e9 realizou neste fim de semana a primeira Opera\u00e7\u00e3o Sono Tranquilo do ano, com o objetivo de combater a polui\u00e7\u00e3o sonora e garantir o sossego dos moradores. As equipes de fiscaliza\u00e7\u00e3o visitaram estabelecimentos em oito bairros da cidade.\u00a0<\/p>\n\n\n\n<p>A a\u00e7\u00e3o resultou em nove autua\u00e7\u00f5es, sendo sete advert\u00eancias e dois autos de infra\u00e7\u00e3o (multas). A opera\u00e7\u00e3o foi realizada pelo Semasa (Servi\u00e7o Municipal de Saneamento Ambiental de Santo Andr\u00e9) e pela GCM (Guarda Civil Municipal).\u00a0<\/p>\n\n\n\n<p>Os agentes estiveram nos bairros Vila Pr\u00edncipe de Gales, Vila Sacadura Cabral, Vila Marina, Jardim do Est\u00e1dio, Vila Junqueira, Parque Miami, Parque Jo\u00e3o Ramalho e Jardim Santo Andr\u00e9.<\/p>\n\n\n\n<p>\u201cGarantir o direito ao descanso e \u00e0 qualidade de vida da popula\u00e7\u00e3o \u00e9 uma prioridade da nossa gest\u00e3o. A Opera\u00e7\u00e3o Sono Tranquilo refor\u00e7a o compromisso da Prefeitura de Santo Andr\u00e9 com o cumprimento da lei e com o respeito aos moradores de todos os bairros. N\u00e3o somos contra a atividade econ\u00f4mica ou manifesta\u00e7\u00f5es culturais, mas \u00e9 fundamental que elas aconte\u00e7am dentro das normas, sem prejudicar o sossego das fam\u00edlias. Seguiremos intensificando a fiscaliza\u00e7\u00e3o e orientando os estabelecimentos para que a cidade continue sendo um lugar seguro, organizado e bom para se viver&#8221;, afirma o prefeito Gilvan Ferreira.\u00a0<\/p>\n\n\n\n<p>A Opera\u00e7\u00e3o Sono Tranquilo \u00e9 realizada desde 2017 para combater som alto e outros delitos que perturbam o sossego da popula\u00e7\u00e3o. Algumas das opera\u00e7\u00f5es tamb\u00e9m contam com o apoio das pol\u00edcias Civil e Militar.\u00a0<\/p>\n\n\n\n<p>As equipes da Prefeitura de Santo Andr\u00e9 t\u00eam intensificado a fiscaliza\u00e7\u00e3o nos com\u00e9rcios andreenses para fazer cumprir a legisla\u00e7\u00e3o municipal. O Semasa \u00e9 o \u00f3rg\u00e3o respons\u00e1vel pela fiscaliza\u00e7\u00e3o de problemas relacionados ao ru\u00eddo excessivo em estabelecimentos comerciais, templos religiosos, obras e escolas de samba.\u00a0<\/p>\n\n\n\n<p>Mun\u00edcipes que s\u00e3o afetados por barulho excessivo em bares, igrejas e escolas de samba podem abrir reclama\u00e7\u00e3o no site do Semasa, em http:\/\/www.semasa.sp.gov.br\/servicos-ao-usuario\/. Tamb\u00e9m \u00e9 poss\u00edvel realizar o procedimento pela Central de Atendimento Telef\u00f4nico, nos n\u00fameros 0800-4848115 ou 4433-9300, de segunda a sexta-feira, das 8h30 \u00e0s 16h.\u00a0\u00a0<\/p>\n\n\n\n<p>A recomenda\u00e7\u00e3o \u00e9 de que a den\u00fancia, feita de forma sigilosa, ocorra no momento em que acontece o problema.<\/p>\n\n\n\n<p><\/p>\n","protected":false},"excerpt":{"rendered":"<p>Primeira a\u00e7\u00e3o do ano contra barulho excessivo resultou em aplica\u00e7\u00e3o de advert\u00eancias e multas\u00a0 Santo Andr\u00e9, 11 de janeiro de 2026 &#8211; A Prefeitura de Santo Andr\u00e9 realizou neste fim de semana a primeira Opera\u00e7\u00e3o Sono Tranquilo do ano, com o objetivo de combater a polui\u00e7\u00e3o sonora e garantir o sossego dos moradores. As equipes [&hellip;]<\/p>\n","protected":false},"author":94,"featured_media":6156,"comment_status":"open","ping_status":"open","sticky":false,"template":"","format":"standard","meta":{"footnotes":""},"categories":[9,8],"tags":[],"class_list":["post-6155","post","type-post","status-publish","format-standard","has-post-thumbnail","hentry","category-fiscalizacao-ambiental","category-releases"],"_links":{"self":[{"href":"https:\/\/portais.santoandre.sp.gov.br\/semasa\/wp-json\/wp\/v2\/posts\/6155","targetHints":{"allow":["GET"]}}],"collection":[{"href":"https:\/\/portais.santoandre.sp.gov.br\/semasa\/wp-json\/wp\/v2\/posts"}],"about":[{"href":"https:\/\/portais.santoandre.sp.gov.br\/semasa\/wp-json\/wp\/v2\/types\/post"}],"author":[{"embeddable":true,"href":"https:\/\/portais.santoandre.sp.gov.br\/semasa\/wp-json\/wp\/v2\/users\/94"}],"replies":[{"embeddable":true,"href":"https:\/\/portais.santoandre.sp.gov.br\/semasa\/wp-json\/wp\/v2\/comments?post=6155"}],"version-history":[{"count":1,"href":"https:\/\/portais.santoandre.sp.gov.br\/semasa\/wp-json\/wp\/v2\/posts\/6155\/revisions"}],"predecessor-version":[{"id":6157,"href":"https:\/\/portais.santoandre.sp.gov.br\/semasa\/wp-json\/wp\/v2\/posts\/6155\/revisions\/6157"}],"wp:featuredmedia":[{"embeddable":true,"href":"https:\/\/portais.santoandre.sp.gov.br\/semasa\/wp-json\/wp\/v2\/media\/6156"}],"wp:attachment":[{"href":"https:\/\/portais.santoandre.sp.gov.br\/semasa\/wp-json\/wp\/v2\/media?parent=6155"}],"wp:term":[{"taxonomy":"category","embeddable":true,"href":"https:\/\/portais.santoandre.sp.gov.br\/semasa\/wp-json\/wp\/v2\/categories?post=6155"},{"taxonomy":"post_tag","embeddable":true,"href":"https:\/\/portais.santoandre.sp.gov.br\/semasa\/wp-json\/wp\/v2\/tags?post=6155"}],"curies":[{"name":"wp","href":"https:\/\/api.w.org\/{rel}","templated":true}]}}