{"id":5909,"date":"2025-11-27T08:31:49","date_gmt":"2025-11-27T11:31:49","guid":{"rendered":"https:\/\/portais.santoandre.sp.gov.br\/semasa\/?p=5909"},"modified":"2025-11-28T08:40:39","modified_gmt":"2025-11-28T11:40:39","slug":"moeda-pet-retorna-ao-parque-central-para-ultima-edicao-do-ano","status":"publish","type":"post","link":"https:\/\/portais.santoandre.sp.gov.br\/semasa\/2025\/11\/27\/moeda-pet-retorna-ao-parque-central-para-ultima-edicao-do-ano\/","title":{"rendered":"Moeda Pet retorna ao Parque Central para \u00faltima edi\u00e7\u00e3o do ano"},"content":{"rendered":"\n<p><em>Trocas de novembro ocorrem neste s\u00e1bado, encerrando 2025 com balan\u00e7o positivo<\/em>\u00a0<\/p>\n\n\n\n<p>Santo Andr\u00e9, 27 de novembro de 2025 \u2013 O programa Moeda Pet realiza neste s\u00e1bado (29) sua \u00faltima edi\u00e7\u00e3o do ano, em formato drive-thru, das 9h \u00e0s 12h, no Parque Central. A a\u00e7\u00e3o \u00e9 promovida pela Secretaria de Meio Ambiente e Mudan\u00e7as Clim\u00e1ticas, por meio do Semasa (Servi\u00e7o Municipal de Saneamento Ambiental de Santo Andr\u00e9), em parceria com o Fundo Social de Solidariedade.\u00a0\u00a0<\/p>\n\n\n\n<p>A iniciativa andreense \u00e9 reconhecida como uma a\u00e7\u00e3o socioambiental de grande impacto, estimulando a reciclagem, e, em troca, fornecendo alimento para c\u00e3es e gatos dos mun\u00edcipes.\u00a0\u00a0<\/p>\n\n\n\n<p>Cada morador cadastrado pode trocar at\u00e9 tr\u00eas quilos de garrafas pl\u00e1sticas por igual quantidade de ra\u00e7\u00e3o. Um quilo corresponde, em m\u00e9dia, a 20 garrafas de dois litros, 25 garrafas de um litro ou 36 garrafas de 600 ml.\u00a0\u00a0<\/p>\n\n\n\n<p>Nas \u00faltimas tr\u00eas edi\u00e7\u00f5es (agosto, setembro e outubro), houve a distribui\u00e7\u00e3o de 2,3 toneladas quilos de ra\u00e7\u00e3o, ou seja, mais de 46 mil garrafas pl\u00e1sticas foram enviadas \u00e0 reciclagem.\u00a0<\/p>\n\n\n\n<p>O programa, al\u00e9m do impacto ambiental, desempenha um papel social importante, refor\u00e7ando a conscientiza\u00e7\u00e3o sobre consumo respons\u00e1vel e cuidado animal.\u00a0<\/p>\n\n\n\n<p>\u00a0O ponto de troca \u00e9 no bols\u00e3o de estacionamento de funcion\u00e1rios do parque, localizado na Rua Gamboa, pr\u00f3ximo \u00e0 Pra\u00e7a Kantal Yasbek, a apenas 100 metros da entrada principal.<\/p>\n","protected":false},"excerpt":{"rendered":"<p>Trocas de novembro ocorrem neste s\u00e1bado, encerrando 2025 com balan\u00e7o positivo\u00a0 Santo Andr\u00e9, 27 de novembro de 2025 \u2013 O programa Moeda Pet realiza neste s\u00e1bado (29) sua \u00faltima edi\u00e7\u00e3o do ano, em formato drive-thru, das 9h \u00e0s 12h, no Parque Central. A a\u00e7\u00e3o \u00e9 promovida pela Secretaria de Meio Ambiente e Mudan\u00e7as Clim\u00e1ticas, por [&hellip;]<\/p>\n","protected":false},"author":94,"featured_media":5910,"comment_status":"open","ping_status":"open","sticky":false,"template":"","format":"standard","meta":{"footnotes":""},"categories":[8,5],"tags":[],"class_list":["post-5909","post","type-post","status-publish","format-standard","has-post-thumbnail","hentry","category-releases","category-residuos-solidos"],"_links":{"self":[{"href":"https:\/\/portais.santoandre.sp.gov.br\/semasa\/wp-json\/wp\/v2\/posts\/5909","targetHints":{"allow":["GET"]}}],"collection":[{"href":"https:\/\/portais.santoandre.sp.gov.br\/semasa\/wp-json\/wp\/v2\/posts"}],"about":[{"href":"https:\/\/portais.santoandre.sp.gov.br\/semasa\/wp-json\/wp\/v2\/types\/post"}],"author":[{"embeddable":true,"href":"https:\/\/portais.santoandre.sp.gov.br\/semasa\/wp-json\/wp\/v2\/users\/94"}],"replies":[{"embeddable":true,"href":"https:\/\/portais.santoandre.sp.gov.br\/semasa\/wp-json\/wp\/v2\/comments?post=5909"}],"version-history":[{"count":1,"href":"https:\/\/portais.santoandre.sp.gov.br\/semasa\/wp-json\/wp\/v2\/posts\/5909\/revisions"}],"predecessor-version":[{"id":5911,"href":"https:\/\/portais.santoandre.sp.gov.br\/semasa\/wp-json\/wp\/v2\/posts\/5909\/revisions\/5911"}],"wp:featuredmedia":[{"embeddable":true,"href":"https:\/\/portais.santoandre.sp.gov.br\/semasa\/wp-json\/wp\/v2\/media\/5910"}],"wp:attachment":[{"href":"https:\/\/portais.santoandre.sp.gov.br\/semasa\/wp-json\/wp\/v2\/media?parent=5909"}],"wp:term":[{"taxonomy":"category","embeddable":true,"href":"https:\/\/portais.santoandre.sp.gov.br\/semasa\/wp-json\/wp\/v2\/categories?post=5909"},{"taxonomy":"post_tag","embeddable":true,"href":"https:\/\/portais.santoandre.sp.gov.br\/semasa\/wp-json\/wp\/v2\/tags?post=5909"}],"curies":[{"name":"wp","href":"https:\/\/api.w.org\/{rel}","templated":true}]}}