{"id":3535,"date":"2025-03-11T15:58:49","date_gmt":"2025-03-11T18:58:49","guid":{"rendered":"https:\/\/portais.santoandre.sp.gov.br\/semasa\/?p=3535"},"modified":"2025-03-11T15:58:49","modified_gmt":"2025-03-11T18:58:49","slug":"programa-moeda-verde-desperta-interesse-de-mairipora","status":"publish","type":"post","link":"https:\/\/portais.santoandre.sp.gov.br\/semasa\/2025\/03\/11\/programa-moeda-verde-desperta-interesse-de-mairipora\/","title":{"rendered":"Programa Moeda Verde desperta interesse de Mairipor\u00e3"},"content":{"rendered":"\n<p><em>Secret\u00e1rio do Meio Ambiente e vereadores vieram a Santo Andr\u00e9 para implantar iniciativa semelhante aos cidad\u00e3os mairiporenses<\/em><\/p>\n\n\n\n<p>Santo Andr\u00e9, 11 de mar\u00e7o de 2025 \u2013 Um projeto que encanta a todos e que surge para solucionar diversos problemas socioambientais. Foram com essas palavras que o programa Moeda Verde, realizado em Santo Andr\u00e9, ganhou o cora\u00e7\u00e3o de representantes da Prefeitura e da C\u00e2mara Municipal de Mairipor\u00e3, ap\u00f3s conhecerem a iniciativa de perto, nesta ter\u00e7a-feira (11).<\/p>\n\n\n\n<p>A visita ocorreu na comunidade da Vila S\u00e1, local onde os participantes s\u00e3o engajados nas trocas de res\u00edduos recicl\u00e1veis por alimentos de hortifr\u00fati.<\/p>\n\n\n\n<p>\u201cPara n\u00f3s \u00e9 sempre uma alegria receber representantes de outras cidades que se interessam pelo Moeda Verde, importante pol\u00edtica p\u00fablica que aumenta a reciclagem, deixa os bairros mais limpos e leva alimenta\u00e7\u00e3o saud\u00e1vel\u201d, explica o superintendente-adjunto do Semasa (Servi\u00e7o Municipal de Saneamento Ambiental de Santo Andr\u00e9), Ajan Marques de Oliveira.<\/p>\n\n\n\n<p>A autarquia e o Fundo Social de Solidariedade da prefeitura s\u00e3o os idealizadores do programa. \u201cO Moeda Verde \u00e9 transversal: aborda a quest\u00e3o do descarte correto de res\u00edduos, da preserva\u00e7\u00e3o do meio ambiente, da empregabilidade e da seguran\u00e7a alimentar\u201d, complementa a secret\u00e1ria de Assist\u00eancia Social e presidente do Fundo Social, Ana Claudia de Fabris.&nbsp;<\/p>\n\n\n\n<p>Um dos representantes de Mairipor\u00e3 que vieram a Santo Andr\u00e9 \u00e9 o secret\u00e1rio do Meio Ambiente, Jos\u00e9 Eduardo Victorino. Foi ele quem disse que estava encantado pela iniciativa. \u201cAchei uma a\u00e7\u00e3o simples de se fazer e funcional. A gente percebe que a educa\u00e7\u00e3o ambiental est\u00e1 bem evolu\u00edda com rela\u00e7\u00e3o a essa iniciativa. Mairipor\u00e3 est\u00e1 neste caminho e eu j\u00e1 assumi o compromisso com os vereadores que faremos esse projeto\u201d, afirmou, ao lado dos vereadores Ricardo Barbosa e Valcedi Fernandes.&nbsp;&nbsp; Durante a visita \u00e0s trocas na comunidade da Vila S\u00e1, os representantes da prefeitura e da casa legislativa tamb\u00e9m conheceram o programa Moeda Pet, que permite a troca de garrafas PET por ra\u00e7\u00e3o, e o Sa\u00fade em Movimento, iniciativa da Secretaria de Sa\u00fade que ocorre em algumas edi\u00e7\u00f5es do Moeda Verde para oferecer aos moradores testes de glicemia, aferi\u00e7\u00e3o de press\u00e3o, exame de bioimped\u00e2ncia e atendimento m\u00e9dico.<br><\/p>\n","protected":false},"excerpt":{"rendered":"<p>Secret\u00e1rio do Meio Ambiente e vereadores vieram a Santo Andr\u00e9 para implantar iniciativa semelhante aos cidad\u00e3os mairiporenses Santo Andr\u00e9, 11 de mar\u00e7o de 2025 \u2013 Um projeto que encanta a todos e que surge para solucionar diversos problemas socioambientais. Foram com essas palavras que o programa Moeda Verde, realizado em Santo Andr\u00e9, ganhou o cora\u00e7\u00e3o [&hellip;]<\/p>\n","protected":false},"author":28,"featured_media":3536,"comment_status":"open","ping_status":"open","sticky":false,"template":"","format":"standard","meta":{"footnotes":""},"categories":[8,5],"tags":[],"class_list":["post-3535","post","type-post","status-publish","format-standard","has-post-thumbnail","hentry","category-releases","category-residuos-solidos"],"_links":{"self":[{"href":"https:\/\/portais.santoandre.sp.gov.br\/semasa\/wp-json\/wp\/v2\/posts\/3535","targetHints":{"allow":["GET"]}}],"collection":[{"href":"https:\/\/portais.santoandre.sp.gov.br\/semasa\/wp-json\/wp\/v2\/posts"}],"about":[{"href":"https:\/\/portais.santoandre.sp.gov.br\/semasa\/wp-json\/wp\/v2\/types\/post"}],"author":[{"embeddable":true,"href":"https:\/\/portais.santoandre.sp.gov.br\/semasa\/wp-json\/wp\/v2\/users\/28"}],"replies":[{"embeddable":true,"href":"https:\/\/portais.santoandre.sp.gov.br\/semasa\/wp-json\/wp\/v2\/comments?post=3535"}],"version-history":[{"count":1,"href":"https:\/\/portais.santoandre.sp.gov.br\/semasa\/wp-json\/wp\/v2\/posts\/3535\/revisions"}],"predecessor-version":[{"id":3537,"href":"https:\/\/portais.santoandre.sp.gov.br\/semasa\/wp-json\/wp\/v2\/posts\/3535\/revisions\/3537"}],"wp:featuredmedia":[{"embeddable":true,"href":"https:\/\/portais.santoandre.sp.gov.br\/semasa\/wp-json\/wp\/v2\/media\/3536"}],"wp:attachment":[{"href":"https:\/\/portais.santoandre.sp.gov.br\/semasa\/wp-json\/wp\/v2\/media?parent=3535"}],"wp:term":[{"taxonomy":"category","embeddable":true,"href":"https:\/\/portais.santoandre.sp.gov.br\/semasa\/wp-json\/wp\/v2\/categories?post=3535"},{"taxonomy":"post_tag","embeddable":true,"href":"https:\/\/portais.santoandre.sp.gov.br\/semasa\/wp-json\/wp\/v2\/tags?post=3535"}],"curies":[{"name":"wp","href":"https:\/\/api.w.org\/{rel}","templated":true}]}}