{"id":3504,"date":"2016-03-18T15:32:00","date_gmt":"2016-03-18T18:32:00","guid":{"rendered":"https:\/\/portais.santoandre.sp.gov.br\/semasa\/?p=3504"},"modified":"2025-03-05T15:32:34","modified_gmt":"2025-03-05T18:32:34","slug":"caminhao-de-educacao-ambiental-do-semasa-comemora-dia-da-agua-com-atividades-na-oliveira-lima","status":"publish","type":"post","link":"https:\/\/portais.santoandre.sp.gov.br\/semasa\/2016\/03\/18\/caminhao-de-educacao-ambiental-do-semasa-comemora-dia-da-agua-com-atividades-na-oliveira-lima\/","title":{"rendered":"Caminh\u00e3o de Educa\u00e7\u00e3o Ambiental do Semasa comemora Dia da \u00c1gua com atividades na Oliveira Lima\u00a0"},"content":{"rendered":"\n<p><em>A\u00e7\u00f5es acontecem no dia 22\/3 a partir das 10h. No dia 29\/3, Centro de Refer\u00eancia recebe \u00faltima palestra sobre o tema<\/em><\/p>\n\n\n\n<p><strong>Santo Andr\u00e9, 18 de mar\u00e7o de 2016 \u2013 No pr\u00f3ximo dia 22 de mar\u00e7o \u00e9 comemorado o Dia Mundial da \u00c1gua e os 91 anos da Represa Billings. Para celebrar a data, o Semasa (Servi\u00e7o Municipal de Saneamento Ambiental de Santo Andr\u00e9) levar\u00e1 para o cal\u00e7ad\u00e3o da Rua Coronel Oliveira Lima, no centro de Santo Andr\u00e9, a partir das 10h, o Caminh\u00e3o de Educa\u00e7\u00e3o Ambiental, no qual mun\u00edcipes interessados poder\u00e3o conhecer o processo de tratamento da \u00e1gua, al\u00e9m de tirar d\u00favidas sobre a conta de saneamento ou servi\u00e7os.<\/strong><\/p>\n\n\n\n<p>No local, os visitantes poder\u00e3o ainda obter informa\u00e7\u00f5es para combater o mosquito&nbsp;<em>Aedes aegypti&nbsp;<\/em>com o Departamento de Vigil\u00e2ncia \u00e0 Sa\u00fade<em>&nbsp;&nbsp;<\/em>e tamb\u00e9m sobre a import\u00e2ncia da vegeta\u00e7\u00e3o na produ\u00e7\u00e3o e conserva\u00e7\u00e3o dos mananciais,&nbsp;com t\u00e9cnicos&nbsp;do Departamento de Parques e \u00c1reas Verdes. Tamb\u00e9m estar\u00e3o no local profissionais do Senac Santo Andr\u00e9&nbsp;apresentando o Programa Ecoefici\u00eancia.<\/p>\n\n\n\n<p><strong>Palestras sobre a Billings \u2013&nbsp;<\/strong>No dia 29\/3 (ter\u00e7a-feira), das 19h \u00e0s 22h, o Semasa retoma o ciclo de palestras com dois convidados, que falar\u00e3o sobre&nbsp;<em>An\u00e1lise da \u00e1gua da represa Billings<\/em>. O doutor em toxicologia e an\u00e1lises toxicol\u00f3gicas da USP, professor Fabio Kummrow, dissertar\u00e1 sobre contaminantes qu\u00edmicos em \u00e1guas de abastecimento. J\u00e1 a mestre em educa\u00e7\u00e3o&nbsp;e professora titular da Universidade Municipal de S\u00e3o Caetano do Sul Marta Marcondes apresentar\u00e1 os resultados da sua pesquisa sobre monitoramento das \u00e1guas da Represa Billings, realizado ao longo de 2015 .<\/p>\n\n\n\n<p><strong>SERVI\u00c7O<\/strong><\/p>\n\n\n\n<p><strong><em>Atividades do Semasa para celebrar o Dia Mundial da \u00c1gua e anivers\u00e1rio da Represa Billings<\/em><\/strong><\/p>\n\n\n\n<ul class=\"wp-block-list\">\n<li>Caminh\u00e3o de Educa\u00e7\u00e3o Ambiental<\/li>\n<\/ul>\n\n\n\n<p>Dia: 22\/03\/2016<\/p>\n\n\n\n<p>Hor\u00e1rio: das 10h \u00e0s 15h30<\/p>\n\n\n\n<p>Local: Cal\u00e7ad\u00e3o Oliveira Lima (na altura do Largo da Est\u00e1tua)<\/p>\n\n\n\n<ul class=\"wp-block-list\">\n<li>Ciclo de Palestras do Centro de Refer\u00eancia<\/li>\n<\/ul>\n\n\n\n<p>Dias e hor\u00e1rios:&nbsp;29\/3, das 19h \u00e0s 22hLocal:<\/p>\n\n\n\n<p>Audit\u00f3rio do Centro de Refer\u00eancia em Saneamento Ambiental de Santo Andr\u00e9Endere\u00e7o: Avenida Jos\u00e9 Caballero, 143, Centro (no piso t\u00e9rreo do Pr\u00e9dio Sede do Semasa)<\/p>\n\n\n\n<p><\/p>\n","protected":false},"excerpt":{"rendered":"<p>A\u00e7\u00f5es acontecem no dia 22\/3 a partir das 10h. No dia 29\/3, Centro de Refer\u00eancia recebe \u00faltima palestra sobre o tema Santo Andr\u00e9, 18 de mar\u00e7o de 2016 \u2013 No pr\u00f3ximo dia 22 de mar\u00e7o \u00e9 comemorado o Dia Mundial da \u00c1gua e os 91 anos da Represa Billings. Para celebrar a data, o Semasa [&hellip;]<\/p>\n","protected":false},"author":60,"featured_media":0,"comment_status":"open","ping_status":"open","sticky":false,"template":"","format":"standard","meta":{"footnotes":""},"categories":[6,8],"tags":[],"class_list":["post-3504","post","type-post","status-publish","format-standard","hentry","category-educacao-ambiental","category-releases"],"_links":{"self":[{"href":"https:\/\/portais.santoandre.sp.gov.br\/semasa\/wp-json\/wp\/v2\/posts\/3504","targetHints":{"allow":["GET"]}}],"collection":[{"href":"https:\/\/portais.santoandre.sp.gov.br\/semasa\/wp-json\/wp\/v2\/posts"}],"about":[{"href":"https:\/\/portais.santoandre.sp.gov.br\/semasa\/wp-json\/wp\/v2\/types\/post"}],"author":[{"embeddable":true,"href":"https:\/\/portais.santoandre.sp.gov.br\/semasa\/wp-json\/wp\/v2\/users\/60"}],"replies":[{"embeddable":true,"href":"https:\/\/portais.santoandre.sp.gov.br\/semasa\/wp-json\/wp\/v2\/comments?post=3504"}],"version-history":[{"count":1,"href":"https:\/\/portais.santoandre.sp.gov.br\/semasa\/wp-json\/wp\/v2\/posts\/3504\/revisions"}],"predecessor-version":[{"id":3505,"href":"https:\/\/portais.santoandre.sp.gov.br\/semasa\/wp-json\/wp\/v2\/posts\/3504\/revisions\/3505"}],"wp:attachment":[{"href":"https:\/\/portais.santoandre.sp.gov.br\/semasa\/wp-json\/wp\/v2\/media?parent=3504"}],"wp:term":[{"taxonomy":"category","embeddable":true,"href":"https:\/\/portais.santoandre.sp.gov.br\/semasa\/wp-json\/wp\/v2\/categories?post=3504"},{"taxonomy":"post_tag","embeddable":true,"href":"https:\/\/portais.santoandre.sp.gov.br\/semasa\/wp-json\/wp\/v2\/tags?post=3504"}],"curies":[{"name":"wp","href":"https:\/\/api.w.org\/{rel}","templated":true}]}}