{"id":3423,"date":"2025-02-16T08:59:05","date_gmt":"2025-02-16T11:59:05","guid":{"rendered":"https:\/\/portais.santoandre.sp.gov.br\/semasa\/?p=3423"},"modified":"2025-02-17T08:59:25","modified_gmt":"2025-02-17T11:59:25","slug":"operacao-sono-tranquilo-autua-14-bares-e-adegas-por-poluicao-sonora-em-santo-andre","status":"publish","type":"post","link":"https:\/\/portais.santoandre.sp.gov.br\/semasa\/2025\/02\/16\/operacao-sono-tranquilo-autua-14-bares-e-adegas-por-poluicao-sonora-em-santo-andre\/","title":{"rendered":"Opera\u00e7\u00e3o Sono Tranquilo autua 14 bares e adegas por polui\u00e7\u00e3o sonora em Santo Andr\u00e9\u00a0"},"content":{"rendered":"\n<p><em>A\u00e7\u00e3o do Semasa e da GCM tamb\u00e9m apreendeu uma caixa de som<\/em><\/p>\n\n\n\n<p>Santo Andr\u00e9, 16 de fevereiro de 2025 \u2013 A equipe de Fiscaliza\u00e7\u00e3o Ambiental do Semasa (Servi\u00e7o Municipal de Saneamento Ambiental de Santo Andr\u00e9) e a GCM (Guarda Civil Municipal) realizaram mais uma a\u00e7\u00e3o da Opera\u00e7\u00e3o Sono Tranquilo no \u00faltimo s\u00e1bado (15). Criada para combater os crimes ambientais relacionados ao excesso de barulho e proporcionar tranquilidade e bem-estar \u00e0 popula\u00e7\u00e3o, a a\u00e7\u00e3o se concentrou em cinco bairros da cidade e autuou 14 estabelecimentos comerciais.<\/p>\n\n\n\n<p>Os pontos s\u00e3o previamente mapeados pela equipe do Semasa, que identifica locais alvo de reclama\u00e7\u00f5es por parte dos mun\u00edcipes. Al\u00e9m disso, \u00e0 medida que as ordens de servi\u00e7o s\u00e3o registradas no site da autarquia (<a href=\"http:\/\/www.semasa.sp.gov.br\">www.semasa.sp.gov.br<\/a>), os fiscais de plant\u00e3o tamb\u00e9m realizam vistorias.<\/p>\n\n\n\n<p>No total, foram emitidos seis Autos de Infra\u00e7\u00e3o Ambiental (multas), oito Advert\u00eancias Ambientais e houve apreens\u00e3o de uma caixa de som em bares localizados nos bairros Jardim Alzira Franco, Parque Capuava, Centreville, Cidade S\u00e3o Jorge e Jardim Santo Andr\u00e9.<\/p>\n\n\n\n<p>Desde o in\u00edcio deste ano, as equipes municipais t\u00eam intensificado a fiscaliza\u00e7\u00e3o nos com\u00e9rcios andreenses para fazer cumprir a legisla\u00e7\u00e3o municipal. Al\u00e9m das opera\u00e7\u00f5es que resultam em autua\u00e7\u00f5es, a Opera\u00e7\u00e3o Sono Tranquilo tamb\u00e9m j\u00e1 interditou sete locais que acumulavam multas.<\/p>\n\n\n\n<p>Em Santo Andr\u00e9, o Semasa \u00e9 o \u00f3rg\u00e3o respons\u00e1vel pela fiscaliza\u00e7\u00e3o de problemas relacionados ao ru\u00eddo excessivo em estabelecimentos comerciais, templos religiosos, obras e escolas de samba. As reclama\u00e7\u00f5es devem ser feitas pelo site da autarquia, dispon\u00edvel 24 horas por dia, sete dias por semana, ou pela Central de Atendimento Telef\u00f4nico, nos n\u00fameros 0800-4848115 ou 4433-9300, de segunda a sexta-feira, das 8h30 \u00e0s 16h.<\/p>\n","protected":false},"excerpt":{"rendered":"<p>A\u00e7\u00e3o do Semasa e da GCM tamb\u00e9m apreendeu uma caixa de som Santo Andr\u00e9, 16 de fevereiro de 2025 \u2013 A equipe de Fiscaliza\u00e7\u00e3o Ambiental do Semasa (Servi\u00e7o Municipal de Saneamento Ambiental de Santo Andr\u00e9) e a GCM (Guarda Civil Municipal) realizaram mais uma a\u00e7\u00e3o da Opera\u00e7\u00e3o Sono Tranquilo no \u00faltimo s\u00e1bado (15). Criada para [&hellip;]<\/p>\n","protected":false},"author":28,"featured_media":3424,"comment_status":"open","ping_status":"open","sticky":false,"template":"","format":"standard","meta":{"footnotes":""},"categories":[9,8],"tags":[],"class_list":["post-3423","post","type-post","status-publish","format-standard","has-post-thumbnail","hentry","category-fiscalizacao-ambiental","category-releases"],"_links":{"self":[{"href":"https:\/\/portais.santoandre.sp.gov.br\/semasa\/wp-json\/wp\/v2\/posts\/3423","targetHints":{"allow":["GET"]}}],"collection":[{"href":"https:\/\/portais.santoandre.sp.gov.br\/semasa\/wp-json\/wp\/v2\/posts"}],"about":[{"href":"https:\/\/portais.santoandre.sp.gov.br\/semasa\/wp-json\/wp\/v2\/types\/post"}],"author":[{"embeddable":true,"href":"https:\/\/portais.santoandre.sp.gov.br\/semasa\/wp-json\/wp\/v2\/users\/28"}],"replies":[{"embeddable":true,"href":"https:\/\/portais.santoandre.sp.gov.br\/semasa\/wp-json\/wp\/v2\/comments?post=3423"}],"version-history":[{"count":1,"href":"https:\/\/portais.santoandre.sp.gov.br\/semasa\/wp-json\/wp\/v2\/posts\/3423\/revisions"}],"predecessor-version":[{"id":3425,"href":"https:\/\/portais.santoandre.sp.gov.br\/semasa\/wp-json\/wp\/v2\/posts\/3423\/revisions\/3425"}],"wp:featuredmedia":[{"embeddable":true,"href":"https:\/\/portais.santoandre.sp.gov.br\/semasa\/wp-json\/wp\/v2\/media\/3424"}],"wp:attachment":[{"href":"https:\/\/portais.santoandre.sp.gov.br\/semasa\/wp-json\/wp\/v2\/media?parent=3423"}],"wp:term":[{"taxonomy":"category","embeddable":true,"href":"https:\/\/portais.santoandre.sp.gov.br\/semasa\/wp-json\/wp\/v2\/categories?post=3423"},{"taxonomy":"post_tag","embeddable":true,"href":"https:\/\/portais.santoandre.sp.gov.br\/semasa\/wp-json\/wp\/v2\/tags?post=3423"}],"curies":[{"name":"wp","href":"https:\/\/api.w.org\/{rel}","templated":true}]}}