{"id":3152,"date":"2015-11-23T13:46:00","date_gmt":"2015-11-23T15:46:00","guid":{"rendered":"https:\/\/portais.santoandre.sp.gov.br\/semasa\/?p=3152"},"modified":"2025-01-31T13:48:36","modified_gmt":"2025-01-31T16:48:36","slug":"campanha-de-coleta-seletiva-chega-aos-condominios-de-santo-andre","status":"publish","type":"post","link":"https:\/\/portais.santoandre.sp.gov.br\/semasa\/2015\/11\/23\/campanha-de-coleta-seletiva-chega-aos-condominios-de-santo-andre\/","title":{"rendered":"Campanha de Coleta Seletiva chega aos condom\u00ednios de Santo Andr\u00e9"},"content":{"rendered":"\n<p><strong>Santo Andr\u00e9, 23 de novembro de 2015 \u2013 Dando continuidade \u00e0s a\u00e7\u00f5es de mobiliza\u00e7\u00e3o e conscientiza\u00e7\u00e3o para a Coleta Seletiva no munic\u00edpio, o Semasa (Servi\u00e7o Municipal de Saneamento Ambiental de Santo Andr\u00e9) inicia a etapa de di\u00e1logo com os condom\u00ednios da cidade. Para isso, a autarquia realizar\u00e1 um encontro entre os representantes e as administradoras dos condom\u00ednios no pr\u00f3ximo dia 8\/12, \u00e0s 18h30, no Sal\u00e3o Nobre do pr\u00e9dio da Prefeitura (9\u00ba andar).&nbsp;<\/strong><\/p>\n\n\n\n<p>O objetivo da autarquia \u00e9 levar informa\u00e7\u00f5es sobre a correta separa\u00e7\u00e3o dos res\u00edduos, a import\u00e2ncia desta a\u00e7\u00e3o para a qualidade de vida da cidade e para os cooperados, que retiram sua renda a partir da venda dos materiais recicl\u00e1veis, e para a amplia\u00e7\u00e3o da vida \u00fatil do Aterro Sanit\u00e1rio.<\/p>\n\n\n\n<p>Al\u00e9m disso, pe\u00e7a fundamental do di\u00e1logo que ser\u00e1 constru\u00eddo entre estes edif\u00edcios, \u00e9 no sentido de conscientizar os respons\u00e1veis sobre a disposi\u00e7\u00e3o, manuseio e transporte dos res\u00edduos dentro dos pr\u00e9dios, pois esta quest\u00e3o gera diversos problemas para a coleta.<\/p>\n\n\n\n<p>\u201cExistem em Santo Andr\u00e9 286 condom\u00ednios cadastrados no Programa de Coleta Seletiva, um n\u00famero que pode triplicar com o incentivo \u00e0 separa\u00e7\u00e3o dos res\u00edduos. Estamos contando com o apoio das administradoras dos edif\u00edcios, que podem ajudar a ampliar essa mobiliza\u00e7\u00e3o\u201d, explica o diretor de Res\u00edduos S\u00f3lidos, Edi Ferreira dos Santos.<\/p>\n\n\n\n<p>O encontro \u00e9 aberto aos respons\u00e1veis pelos condom\u00ednios e administradoras. As inscri\u00e7\u00f5es devem ser confirmadas pelo email coletacondominio@semasa.sp.gov.br. D\u00favidas e informa\u00e7\u00f5es podem ser esclarecidas pelo telefone 4433-9037.<\/p>\n\n\n\n<p><strong>SERVI\u00c7O<\/strong><br>Encontro sobre coleta seletiva em condom\u00ednios de Santo Andr\u00e9<br>Data: 8\/12\/2015<br>Hor\u00e1rio: 18h30<br>Local: Sal\u00e3o Nobre do Pr\u00e9dio Executivo da Prefeitura de Santo Andr\u00e9 \u2013 9\u00ba andar<br>Endere\u00e7o: Pra\u00e7a IV Centen\u00e1rio, s\/n \u2013 Centro<br>Inscri\u00e7\u00f5es: coletacondominio@semasa.sp.gov.br<br>D\u00favidas e informa\u00e7\u00f5es: 4433-9037<br>Observa\u00e7\u00e3o: A entrada pelo T\u00e9rreo 1 acontece at\u00e9 \u00e0s 19h. Ap\u00f3s esse hor\u00e1rio, dirigir-se \u00e0 entrada da Guarda Municipal, no estacionamento.<\/p>\n","protected":false},"excerpt":{"rendered":"<p>Santo Andr\u00e9, 23 de novembro de 2015 \u2013 Dando continuidade \u00e0s a\u00e7\u00f5es de mobiliza\u00e7\u00e3o e conscientiza\u00e7\u00e3o para a Coleta Seletiva no munic\u00edpio, o Semasa (Servi\u00e7o Municipal de Saneamento Ambiental de Santo Andr\u00e9) inicia a etapa de di\u00e1logo com os condom\u00ednios da cidade. Para isso, a autarquia realizar\u00e1 um encontro entre os representantes e as administradoras [&hellip;]<\/p>\n","protected":false},"author":60,"featured_media":0,"comment_status":"open","ping_status":"open","sticky":false,"template":"","format":"standard","meta":{"footnotes":""},"categories":[8,5],"tags":[],"class_list":["post-3152","post","type-post","status-publish","format-standard","hentry","category-releases","category-residuos-solidos"],"_links":{"self":[{"href":"https:\/\/portais.santoandre.sp.gov.br\/semasa\/wp-json\/wp\/v2\/posts\/3152","targetHints":{"allow":["GET"]}}],"collection":[{"href":"https:\/\/portais.santoandre.sp.gov.br\/semasa\/wp-json\/wp\/v2\/posts"}],"about":[{"href":"https:\/\/portais.santoandre.sp.gov.br\/semasa\/wp-json\/wp\/v2\/types\/post"}],"author":[{"embeddable":true,"href":"https:\/\/portais.santoandre.sp.gov.br\/semasa\/wp-json\/wp\/v2\/users\/60"}],"replies":[{"embeddable":true,"href":"https:\/\/portais.santoandre.sp.gov.br\/semasa\/wp-json\/wp\/v2\/comments?post=3152"}],"version-history":[{"count":1,"href":"https:\/\/portais.santoandre.sp.gov.br\/semasa\/wp-json\/wp\/v2\/posts\/3152\/revisions"}],"predecessor-version":[{"id":3153,"href":"https:\/\/portais.santoandre.sp.gov.br\/semasa\/wp-json\/wp\/v2\/posts\/3152\/revisions\/3153"}],"wp:attachment":[{"href":"https:\/\/portais.santoandre.sp.gov.br\/semasa\/wp-json\/wp\/v2\/media?parent=3152"}],"wp:term":[{"taxonomy":"category","embeddable":true,"href":"https:\/\/portais.santoandre.sp.gov.br\/semasa\/wp-json\/wp\/v2\/categories?post=3152"},{"taxonomy":"post_tag","embeddable":true,"href":"https:\/\/portais.santoandre.sp.gov.br\/semasa\/wp-json\/wp\/v2\/tags?post=3152"}],"curies":[{"name":"wp","href":"https:\/\/api.w.org\/{rel}","templated":true}]}}