{"id":3032,"date":"2015-08-14T15:38:00","date_gmt":"2015-08-14T18:38:00","guid":{"rendered":"https:\/\/portais.santoandre.sp.gov.br\/semasa\/?p=3032"},"modified":"2025-01-21T15:39:20","modified_gmt":"2025-01-21T18:39:20","slug":"encontro-de-educacao-ambiental-reune-300-por-dia-e-discute-participacao-social-saude-protecao-e-recuperacao","status":"publish","type":"post","link":"https:\/\/portais.santoandre.sp.gov.br\/semasa\/2015\/08\/14\/encontro-de-educacao-ambiental-reune-300-por-dia-e-discute-participacao-social-saude-protecao-e-recuperacao\/","title":{"rendered":"Encontro de Educa\u00e7\u00e3o Ambiental re\u00fane 300 por dia e discute participa\u00e7\u00e3o social, sa\u00fade, prote\u00e7\u00e3o e recupera\u00e7\u00e3o"},"content":{"rendered":"\n<p><strong>Santo Andr\u00e9, 14 de agosto de 2015 \u2013 O Encontro de Educa\u00e7\u00e3o Ambiental do Grande ABC reuniu aproximadamente 300 acad\u00eamicos e profissionais da \u00e1rea, por dia, nos dias 11, 12 e 13\/8, em Santo Andr\u00e9. Uni\u00e3o de esfor\u00e7os e expertises em prol da educa\u00e7\u00e3o ambiental foi o grande mote do evento, abordado por todos os profissionais convidados. O pioneirismo de Santo Andr\u00e9, que \u00e9 a primeira cidade do ABC a construir sua Pol\u00edtica Municipal de Educa\u00e7\u00e3o Ambiental, foi tema de uma das apresenta\u00e7\u00f5es.<\/strong><\/p>\n\n\n\n<p>Com o objetivo de discutir solu\u00e7\u00f5es e esclarecer o atual momento vivido pelas sete cidades da regi\u00e3o, o evento foi organizado em tr\u00eas grandes eixos: 1) Prote\u00e7\u00e3o, Conserva\u00e7\u00e3o e Recupera\u00e7\u00e3o Ambiental; 2) Tecnologia, Sustentabilidade e Participa\u00e7\u00e3o; e 3) Sa\u00fade Ambiental. Oito palestras foram apresentadas e seguidas de debates, al\u00e9m de trabalhos orais, inscritos e selecionados previamente. O p\u00fablico, composto por professores das redes municipal e estadual de ensino, universit\u00e1rios e profissionais interessados no tema, se envolveu em todas as atividades.<\/p>\n\n\n\n<p>O Encontro, realizado no Teatro Municipal de Santo Andr\u00e9, foi aberto pelo superintendente do Semasa, Sebasti\u00e3o Ney Vaz Jr., acompanhado na mesa pelo Secret\u00e1rio de Gest\u00e3o de Recursos Naturais de Paranapiacaba e Parque Andreense, Ricardo Di Giorgio, o Secretario de Mobilidade Urbana, Obras e Servi\u00e7os P\u00fablicos de Santo Andr\u00e9, Carlos Donisete Sanches e pela professora Maria Helena Marina, da rede municipal de ensino da cidade, representando o secret\u00e1rio Gilmar Silv\u00e9rio.<\/p>\n\n\n\n<p>Convidado para a palestra de abertura do evento, o professor-doutor Carlos Frederico Loureiro&nbsp;falou sobre os desafios e perspectivas da Educa\u00e7\u00e3o Ambiental no cen\u00e1rio nacional. Ele abordou temas como \u201cpor que trabalhar com educa\u00e7\u00e3o ambiental?\u201d, \u201csociedade desigual e a rela\u00e7\u00e3o com a natureza\u201d e \u201cinteresse privado e injusti\u00e7as ambientais\u201d, sempre defendendo que todas as a\u00e7\u00f5es referentes \u00e0 preserva\u00e7\u00e3o do meio ambiente devem ser coletivas, ao inv\u00e9s de separadas por inst\u00e2ncias administrativas e sem a participa\u00e7\u00e3o da popula\u00e7\u00e3o.<\/p>\n\n\n\n<p><strong>Interface com a sa\u00fade<\/strong>&nbsp;\u2013 No segundo dia de evento, o m\u00e9dico Alf\u00e9sio Lu\u00eds Ferreira Braga tratou das interfaces entre sa\u00fade, meio ambiente e qualidade de vida. Sua palestra teve como foco a degrada\u00e7\u00e3o ambiental num contexto hist\u00f3rico, o impacto que gera no meio ambiente e, consequentemente, nos seres humanos (mas especificamente, no que diz respeito \u00e0 sa\u00fade e qualidade de vida). J\u00e1 o bi\u00f3logo Marcos Sorrentino palestrou sobre pol\u00edticas p\u00fablicas e sociedades sustent\u00e1veis no contexto da educa\u00e7\u00e3o ambiental.<br>A \u00faltima apresenta\u00e7\u00e3o do dia foi feita pela Gerente de Educa\u00e7\u00e3o e Mobiliza\u00e7\u00e3o Ambiental do Semasa, Eriane Justo Sav\u00f3ia, que tratou da constru\u00e7\u00e3o da Pol\u00edtica Municipal de Educa\u00e7\u00e3o Ambiental de Santo Andr\u00e9, que est\u00e1 finalizada e aguardando o parecer final da C\u00e2mara. Santo Andr\u00e9 \u00e9 a primeira cidade do Grande ABC a desenvolver uma pol\u00edtica pr\u00f3pria de Educa\u00e7\u00e3o Ambiental. \u201cEsperamos que nossas a\u00e7\u00f5es informem e sensibilizem as pessoas. S\u00f3 assim seremos capazes de despertar a conscientiza\u00e7\u00e3o, individual e coletivamente.\u201d<\/p>\n\n\n\n<p><strong>Desigualdade<\/strong>&nbsp;\u2013 No \u00faltimo dia do encontro, a professora-doutora Ana Paula Fracalanza, da Escola de Artes, Ci\u00eancias e Humanidades da Universidade de S\u00e3o Paulo, discutiu a quest\u00e3o da \u00e1gua e abastecimento da regi\u00e3o Metropolitana de S\u00e3o Paulo. Abordou temas como desigualdade do acesso \u00e0 \u00e1gua e ambiental e salientou que nem todos est\u00e3o sentindo a crise da mesma maneira.<\/p>\n\n\n\n<p>A seguir, foi a vez do arquiteto urbanista Carlos Henrique Andrade de Oliveira falar sobre educa\u00e7\u00e3o ambiental e os desafios do s\u00e9culo XXI. \u201c\u00c9 preciso regatar o respeito \u00e0 sabedoria popular, ao esp\u00edrito colaborativo: n\u00e3o precisamos voltar para a ro\u00e7a, mas podemos aprender com ela. O espa\u00e7o urbano \u00e9 nosso, \u00e9 coletivo, precisamos nos apropriar dele, sair de casa.\u201d<\/p>\n\n\n\n<p>\u00c1lvaro Oyama Lins Fonseca, diretor do Instituto F\u00e1brica de Florestas, um dos apoiadores do encontro, falou sobre o projeto, cujo objetivo \u00e9 levar educa\u00e7\u00e3o ambiental \u00e0 comunidade. No ABC mant\u00eam o Projeto Viva Escola, que visa contribuir para a constru\u00e7\u00e3o de comunidades ambientalmente respons\u00e1veis por meio da educa\u00e7\u00e3o ambiental.<\/p>\n\n\n\n<p>Na sequ\u00eancia, o soci\u00f3logo Pedro Roberto Jacobi explicou que somente por meio da colabora\u00e7\u00e3o entre poder publico e da sociedade ser\u00e1 poss\u00edvel reduzir o consumo, criar um cen\u00e1rio ambiental diferente e uma efetiva mudan\u00e7a.<\/p>\n\n\n\n<p>Durante os tr\u00eas dias de evento, outros nove trabalhos inscritos foram apresentados oralmente. No hall de entrada do teatro, foram expostos, ainda, trabalhados escritos, em formato de p\u00f4ster. O Encontro foi uma iniciativa do Semasa e da Prefeitura de Santo Andr\u00e9 e contou com apoio institucional da Braskem, Grand Plaza Shopping e o Instituto F\u00e1brica de Florestas. Todas as fotos do evento j\u00e1 est\u00e3o dispon\u00edveis no&nbsp;<a href=\"http:\/\/www.flickr.com\/photos\/semasa\" target=\"_blank\" rel=\"noreferrer noopener\">Flickr do Semasa<\/a>.<\/p>\n","protected":false},"excerpt":{"rendered":"<p>Santo Andr\u00e9, 14 de agosto de 2015 \u2013 O Encontro de Educa\u00e7\u00e3o Ambiental do Grande ABC reuniu aproximadamente 300 acad\u00eamicos e profissionais da \u00e1rea, por dia, nos dias 11, 12 e 13\/8, em Santo Andr\u00e9. Uni\u00e3o de esfor\u00e7os e expertises em prol da educa\u00e7\u00e3o ambiental foi o grande mote do evento, abordado por todos os [&hellip;]<\/p>\n","protected":false},"author":60,"featured_media":0,"comment_status":"open","ping_status":"open","sticky":false,"template":"","format":"standard","meta":{"footnotes":""},"categories":[6,8],"tags":[],"class_list":["post-3032","post","type-post","status-publish","format-standard","hentry","category-educacao-ambiental","category-releases"],"_links":{"self":[{"href":"https:\/\/portais.santoandre.sp.gov.br\/semasa\/wp-json\/wp\/v2\/posts\/3032","targetHints":{"allow":["GET"]}}],"collection":[{"href":"https:\/\/portais.santoandre.sp.gov.br\/semasa\/wp-json\/wp\/v2\/posts"}],"about":[{"href":"https:\/\/portais.santoandre.sp.gov.br\/semasa\/wp-json\/wp\/v2\/types\/post"}],"author":[{"embeddable":true,"href":"https:\/\/portais.santoandre.sp.gov.br\/semasa\/wp-json\/wp\/v2\/users\/60"}],"replies":[{"embeddable":true,"href":"https:\/\/portais.santoandre.sp.gov.br\/semasa\/wp-json\/wp\/v2\/comments?post=3032"}],"version-history":[{"count":1,"href":"https:\/\/portais.santoandre.sp.gov.br\/semasa\/wp-json\/wp\/v2\/posts\/3032\/revisions"}],"predecessor-version":[{"id":3033,"href":"https:\/\/portais.santoandre.sp.gov.br\/semasa\/wp-json\/wp\/v2\/posts\/3032\/revisions\/3033"}],"wp:attachment":[{"href":"https:\/\/portais.santoandre.sp.gov.br\/semasa\/wp-json\/wp\/v2\/media?parent=3032"}],"wp:term":[{"taxonomy":"category","embeddable":true,"href":"https:\/\/portais.santoandre.sp.gov.br\/semasa\/wp-json\/wp\/v2\/categories?post=3032"},{"taxonomy":"post_tag","embeddable":true,"href":"https:\/\/portais.santoandre.sp.gov.br\/semasa\/wp-json\/wp\/v2\/tags?post=3032"}],"curies":[{"name":"wp","href":"https:\/\/api.w.org\/{rel}","templated":true}]}}