{"id":3030,"date":"2015-08-12T15:37:00","date_gmt":"2015-08-12T18:37:00","guid":{"rendered":"https:\/\/portais.santoandre.sp.gov.br\/semasa\/?p=3030"},"modified":"2025-01-21T15:38:01","modified_gmt":"2025-01-21T18:38:01","slug":"plano-municipal-de-reducao-de-riscos-e-apresentado-em-audiencia-publica-dia-10-9","status":"publish","type":"post","link":"https:\/\/portais.santoandre.sp.gov.br\/semasa\/2015\/08\/12\/plano-municipal-de-reducao-de-riscos-e-apresentado-em-audiencia-publica-dia-10-9\/","title":{"rendered":"Plano Municipal de Redu\u00e7\u00e3o de Riscos \u00e9 apresentado em audi\u00eancia p\u00fablica dia 10\/9"},"content":{"rendered":"\n<p><strong>Santo Andr\u00e9, 12 de agosto de 2015 \u2013 O Semasa (Servi\u00e7o Municipal de Saneamento Ambiental de Santo Andr\u00e9) por meio da Defesa Civil e a Prefeitura, por meio das secretarias municipais de Desenvolvimento Urbano e Habita\u00e7\u00e3o e de Inclus\u00e3o e Assist\u00eancia Social, realizam, em 10\/9, \u00e0s 19h no anfiteatro Heleny Guariba, audi\u00eancia p\u00fablica para apresentar \u00e0 popula\u00e7\u00e3o o Plano Municipal de Redu\u00e7\u00e3o de Riscos (PMRR), decretado pelo prefeito Carlos Grana, em maio passado.<\/strong><\/p>\n\n\n\n<p>O Plano foi contratado pelo Cons\u00f3rcio Intermunicipal do ABC e o estudo realizado pelo Instituto de Pesquisas Tecnol\u00f3gicas (IPT). Traz o mapeamento das \u00e1reas de risco indicadas pela Defesa Civil e setores da Prefeitura e abrange setoriza\u00e7\u00e3o e estimativa de moradias afetadas, com o estabelecimento de graus de risco; indica os tipos de interven\u00e7\u00f5es necess\u00e1rias para a redu\u00e7\u00e3o ou elimina\u00e7\u00e3o dos riscos em cada setor mapeado, com estimativa de custos; e ainda apresenta uma s\u00edntese na forma de um plano estrat\u00e9gico para a redu\u00e7\u00e3o ou erradica\u00e7\u00e3o das situa\u00e7\u00f5es de riscos identificadas.<\/p>\n\n\n\n<p>O estudo das \u00e1reas de risco da cidade foi importante instrumento de gest\u00e3o da Defesa Civil de Santo Andr\u00e9, durante o Programa Opera\u00e7\u00e3o Chuvas de Ver\u00e3o (POCV). Atrav\u00e9s do mapeamento, foi poss\u00edvel realizar a remo\u00e7\u00e3o das fam\u00edlias em \u00e1reas de risco 3 (alto) e 4 (muito alto) antes do per\u00edodo de chuvas, o que diminuiu consideravelmente a possibilidade de emerg\u00eancias por conta de deslizamentos ou solapamentos.<\/p>\n\n\n\n<p>O PMRR \u00e9 tamb\u00e9m uma exig\u00eancia legal indicada pela Lei Federal 12.608\/2012, que instituiu a Pol\u00edtica Nacional de Prote\u00e7\u00e3o e Defesa Civil. Santo Andr\u00e9 est\u00e1 relacionada como uma das 286 priorit\u00e1rias para a gest\u00e3o e redu\u00e7\u00e3o de riscos no Brasil. O plano indicou 50 \u00e1reas de risco alto e duas de risco muito alto na cidade, al\u00e9m de outras que apresentaram risco m\u00e9dio.<\/p>\n\n\n\n<p>A \u00edntegra do Plano pode ser consultada no Centro de Refer\u00eancia em Saneamento Ambiental, localizado no pr\u00e9dio Sede do Semasa, ou ainda online, no portal da autarquia, na \u00e1rea destinada \u00e0 Defesa Civil. A audi\u00eancia p\u00fablica \u00e9 aberta a todos os interessados e n\u00e3o \u00e9 necess\u00e1rio fazer inscri\u00e7\u00e3o pr\u00e9via.<\/p>\n\n\n\n<p><strong>SERVI\u00c7O<\/strong><br><em>Audi\u00eancia P\u00fablica para apresentar o Plano Municipal de Redu\u00e7\u00e3o de Riscos<\/em><br>Quando: 10\/9\/15<br>Hor\u00e1rio: 19h<br>Onde: Anfiteatro Heleny Guariba<br>Endere\u00e7o: Pra\u00e7a IV Centen\u00e1rio, s\/n \u2013 no pr\u00e9dio do Teatro Municipal<\/p>\n\n\n\n<p><em>Centro de Refer\u00eancia em Saneamento Ambiental<\/em><br>Endere\u00e7o: Av. Jos\u00e9 Caballero, 143 \u2013 No piso t\u00e9rreo do pr\u00e9dio Sede do Semasa<br>Hor\u00e1rio: De segunda a sexta-feira, das 8h \u00e0s 17h<\/p>\n\n\n\n<p><a href=\"https:\/\/www.semasa.sp.gov.br\/protecao-e-defesa-civil\/gerenciamento-de-riscos\/plano-municipal-de-reducao-de-riscos\/\">Confira a \u00edntegra do documento do PMRR aqui.<\/a><\/p>\n","protected":false},"excerpt":{"rendered":"<p>Santo Andr\u00e9, 12 de agosto de 2015 \u2013 O Semasa (Servi\u00e7o Municipal de Saneamento Ambiental de Santo Andr\u00e9) por meio da Defesa Civil e a Prefeitura, por meio das secretarias municipais de Desenvolvimento Urbano e Habita\u00e7\u00e3o e de Inclus\u00e3o e Assist\u00eancia Social, realizam, em 10\/9, \u00e0s 19h no anfiteatro Heleny Guariba, audi\u00eancia p\u00fablica para apresentar [&hellip;]<\/p>\n","protected":false},"author":60,"featured_media":0,"comment_status":"open","ping_status":"open","sticky":false,"template":"","format":"standard","meta":{"footnotes":""},"categories":[13,8],"tags":[],"class_list":["post-3030","post","type-post","status-publish","format-standard","hentry","category-defesa-civil","category-releases"],"_links":{"self":[{"href":"https:\/\/portais.santoandre.sp.gov.br\/semasa\/wp-json\/wp\/v2\/posts\/3030","targetHints":{"allow":["GET"]}}],"collection":[{"href":"https:\/\/portais.santoandre.sp.gov.br\/semasa\/wp-json\/wp\/v2\/posts"}],"about":[{"href":"https:\/\/portais.santoandre.sp.gov.br\/semasa\/wp-json\/wp\/v2\/types\/post"}],"author":[{"embeddable":true,"href":"https:\/\/portais.santoandre.sp.gov.br\/semasa\/wp-json\/wp\/v2\/users\/60"}],"replies":[{"embeddable":true,"href":"https:\/\/portais.santoandre.sp.gov.br\/semasa\/wp-json\/wp\/v2\/comments?post=3030"}],"version-history":[{"count":1,"href":"https:\/\/portais.santoandre.sp.gov.br\/semasa\/wp-json\/wp\/v2\/posts\/3030\/revisions"}],"predecessor-version":[{"id":3031,"href":"https:\/\/portais.santoandre.sp.gov.br\/semasa\/wp-json\/wp\/v2\/posts\/3030\/revisions\/3031"}],"wp:attachment":[{"href":"https:\/\/portais.santoandre.sp.gov.br\/semasa\/wp-json\/wp\/v2\/media?parent=3030"}],"wp:term":[{"taxonomy":"category","embeddable":true,"href":"https:\/\/portais.santoandre.sp.gov.br\/semasa\/wp-json\/wp\/v2\/categories?post=3030"},{"taxonomy":"post_tag","embeddable":true,"href":"https:\/\/portais.santoandre.sp.gov.br\/semasa\/wp-json\/wp\/v2\/tags?post=3030"}],"curies":[{"name":"wp","href":"https:\/\/api.w.org\/{rel}","templated":true}]}}