{"id":2959,"date":"2015-06-11T15:52:00","date_gmt":"2015-06-11T18:52:00","guid":{"rendered":"https:\/\/portais.santoandre.sp.gov.br\/semasa\/?p=2959"},"modified":"2025-01-16T15:52:41","modified_gmt":"2025-01-16T18:52:41","slug":"18a-estacao-de-coleta-da-cidade-comeca-a-operar-em-tempo-integral","status":"publish","type":"post","link":"https:\/\/portais.santoandre.sp.gov.br\/semasa\/2015\/06\/11\/18a-estacao-de-coleta-da-cidade-comeca-a-operar-em-tempo-integral\/","title":{"rendered":"18\u00aa Esta\u00e7\u00e3o de Coleta da cidade come\u00e7a a operar em tempo integral"},"content":{"rendered":"\n<p>Santo Andr\u00e9, 11 de junho de 2015 \u2013 A 18\u00aa Esta\u00e7\u00e3o de Coleta do Semasa de recicl\u00e1veis inaugurada hoje (11\/6) ficar\u00e1 aberta de domingo a domingo, das 8h \u00e0s 19h, ampliando para nove o n\u00famero de ecopontos de Santo Andr\u00e9 que operam diariamente em hor\u00e1rio estendido e sem intervalo para o almo\u00e7o. A nova esta\u00e7\u00e3o, batizada de Cata Preta, est\u00e1 localizada na Vila Jo\u00e3o Ramalho, na estrada da Cata Preta, altura 1.048.<\/p>\n\n\n\n<p>\u201cCada Esta\u00e7\u00e3o \u00e9 uma conquista da cidade. Aqui a popula\u00e7\u00e3o pode fazer o descarte correto dos res\u00edduos, impedindo que eles sigam para rios e c\u00f3rregos\u201d, afirmou o prefeito Carlos Grana, durante a inaugura\u00e7\u00e3o.<\/p>\n\n\n\n<p>O diretor de Res\u00edduos S\u00f3lidos do Semasa, Edi Ferreira dos Santos, explicou que a Esta\u00e7\u00e3o Cata Preta foi planejada para atender os moradores de uma regi\u00e3o que registra v\u00e1rios pontos de descarte irregular de res\u00edduos. \u201cAgora, os moradores poder\u00e3o realizar a destina\u00e7\u00e3o destes res\u00edduos de forma correta e f\u00e1cil, com hor\u00e1rio mais apropriado\u201d, explicou.<\/p>\n\n\n\n<p>\u201cAntes, eu deixava (res\u00edduos volumosos) aqui em uma ca\u00e7amba na avenida. Hoje, quando soube que tinha aberto, achei muito bom e vim direto jogar fora aqui\u201d, contou Cleidio Martins, primeiro morador da regi\u00e3o a usar a Esta\u00e7\u00e3o Cata Preta. Ele descartou um sof\u00e1 velho.<\/p>\n\n\n\n<p>Al\u00e9m de entulho e m\u00f3veis velhos, o espa\u00e7o est\u00e1 preparado para recepcionar diversos res\u00edduos, como l\u00e2mpadas, \u00f3leo, pilhas, baterias e demais res\u00edduos recicl\u00e1veis.<\/p>\n\n\n\n<p>O superintendente adjunto do Semasa, Roger Greg\u00f3rio, lembrou que o Semasa tem uma meta de implanta\u00e7\u00e3o de 28 Esta\u00e7\u00f5es de Coleta na cidade e que as pr\u00f3ximas duas devem ficar no Jardim Irene e no Jardim Santo Andr\u00e9.<\/p>\n\n\n\n<p>As Esta\u00e7\u00f5es de Coleta do Semasa s\u00e3o equipamentos p\u00fablicos e de uso gratuito que permitem aos moradores fazer o descarte correto de diversos tipos de materiais. Os mun\u00edcipes podem depositar at\u00e9 1m\u00b3 de res\u00edduos, o equivalente a 10 sacos de 100 litros. Caso o morador gere mais que isso, ele deve contratar uma empresa de ca\u00e7amba.<\/p>\n\n\n\n<p>Veja os&nbsp;<a href=\"https:\/\/www.semasa.sp.gov.br\/residuos\/coleta-domiciliar-2\/coleta-seletiva\/estacoes-de-coleta\/\">endere\u00e7os e os hor\u00e1rios de funcionamento de todos os ecopontos<\/a>.<\/p>\n","protected":false},"excerpt":{"rendered":"<p>Santo Andr\u00e9, 11 de junho de 2015 \u2013 A 18\u00aa Esta\u00e7\u00e3o de Coleta do Semasa de recicl\u00e1veis inaugurada hoje (11\/6) ficar\u00e1 aberta de domingo a domingo, das 8h \u00e0s 19h, ampliando para nove o n\u00famero de ecopontos de Santo Andr\u00e9 que operam diariamente em hor\u00e1rio estendido e sem intervalo para o almo\u00e7o. A nova esta\u00e7\u00e3o, [&hellip;]<\/p>\n","protected":false},"author":60,"featured_media":0,"comment_status":"open","ping_status":"open","sticky":false,"template":"","format":"standard","meta":{"footnotes":""},"categories":[8,5],"tags":[],"class_list":["post-2959","post","type-post","status-publish","format-standard","hentry","category-releases","category-residuos-solidos"],"_links":{"self":[{"href":"https:\/\/portais.santoandre.sp.gov.br\/semasa\/wp-json\/wp\/v2\/posts\/2959","targetHints":{"allow":["GET"]}}],"collection":[{"href":"https:\/\/portais.santoandre.sp.gov.br\/semasa\/wp-json\/wp\/v2\/posts"}],"about":[{"href":"https:\/\/portais.santoandre.sp.gov.br\/semasa\/wp-json\/wp\/v2\/types\/post"}],"author":[{"embeddable":true,"href":"https:\/\/portais.santoandre.sp.gov.br\/semasa\/wp-json\/wp\/v2\/users\/60"}],"replies":[{"embeddable":true,"href":"https:\/\/portais.santoandre.sp.gov.br\/semasa\/wp-json\/wp\/v2\/comments?post=2959"}],"version-history":[{"count":1,"href":"https:\/\/portais.santoandre.sp.gov.br\/semasa\/wp-json\/wp\/v2\/posts\/2959\/revisions"}],"predecessor-version":[{"id":2960,"href":"https:\/\/portais.santoandre.sp.gov.br\/semasa\/wp-json\/wp\/v2\/posts\/2959\/revisions\/2960"}],"wp:attachment":[{"href":"https:\/\/portais.santoandre.sp.gov.br\/semasa\/wp-json\/wp\/v2\/media?parent=2959"}],"wp:term":[{"taxonomy":"category","embeddable":true,"href":"https:\/\/portais.santoandre.sp.gov.br\/semasa\/wp-json\/wp\/v2\/categories?post=2959"},{"taxonomy":"post_tag","embeddable":true,"href":"https:\/\/portais.santoandre.sp.gov.br\/semasa\/wp-json\/wp\/v2\/tags?post=2959"}],"curies":[{"name":"wp","href":"https:\/\/api.w.org\/{rel}","templated":true}]}}