{"id":2909,"date":"2015-04-14T15:14:00","date_gmt":"2015-04-14T18:14:00","guid":{"rendered":"https:\/\/portais.santoandre.sp.gov.br\/semasa\/?p=2909"},"modified":"2025-01-16T15:15:14","modified_gmt":"2025-01-16T18:15:14","slug":"campanha-tera-populacao-como-principal-aliada","status":"publish","type":"post","link":"https:\/\/portais.santoandre.sp.gov.br\/semasa\/2015\/04\/14\/campanha-tera-populacao-como-principal-aliada\/","title":{"rendered":"Campanha ter\u00e1 popula\u00e7\u00e3o como principal aliada"},"content":{"rendered":"\n<p><strong>Santo Andr\u00e9, 14 de abril de 2015 \u2013 A nova campanha de Coleta Seletiva promovida pelo Semasa (Servi\u00e7o Municipal de Saneamento Ambiental de Santo Andr\u00e9), em parceria com a Prefeitura da cidade, ter\u00e1 como um de seus principais objetivos a sensibiliza\u00e7\u00e3o e o engajamento de moradores de condom\u00ednios e alunos de escolas municipais no que diz respeito \u00e0 reciclagem. Com o mote \u201cNunca uma separa\u00e7\u00e3o teve um final t\u00e3o feliz\u201d, a opera\u00e7\u00e3o contar\u00e1 com equipes especializadas que ir\u00e3o de casa em casa para levar informa\u00e7\u00f5es e distribuir materiais explicativos sobre reciclagem, limpeza e armazenamento adequado dos recicl\u00e1veis. Al\u00e9m disso, ser\u00e3o distribu\u00eddos cerca de 170 mil \u00edm\u00e3s de geladeira \u2013 atendendo a atual m\u00e9dia de resid\u00eancias da cidade \u2013 com espa\u00e7o para que o morador anote os dias de coleta dos res\u00edduos secos e \u00famidos.<\/strong><\/p>\n\n\n\n<p>Um dos principais focos da campanha, os condom\u00ednios poder\u00e3o participar da a\u00e7\u00e3o. A partir do segundo semestre, o Semasa ir\u00e1 conversar com as \u00e1reas administrativas dos condom\u00ednios da cidade visando ampliar as atividades de coleta seletiva. Al\u00e9m da conscientiza\u00e7\u00e3o, cartazes e flyers ser\u00e3o oferecidos, bem como a possibilidade de ampliar a conversa, seja por meio de participa\u00e7\u00f5es em reuni\u00f5es internas, atrav\u00e9s do representante ou fornecendo equipamentos que poder\u00e3o ajudar, como as Postos de Entregas Volunt\u00e1rias (PEVs).<\/p>\n\n\n\n<p>Para as escolas municipais, tamb\u00e9m ser\u00e3o disponibilizadas novos PEVs para os espa\u00e7os de conviv\u00eancia e toda a informa\u00e7\u00e3o visual da campanha (cartazes e flyers). Al\u00e9m disso, o Semasa ficar\u00e1 \u00e0 disposi\u00e7\u00e3o dos coordenadores pedag\u00f3gicos sobre a gest\u00e3o interna de res\u00edduos das escolas. Visando promover n\u00e3o somente a coleta seletiva, mas tamb\u00e9m o reaproveitamento dos res\u00edduos recolhidos, ser\u00e3o oferecidas, ainda, oficinas educativas na Usina de Papel, por exemplo.<br>\u201cA popula\u00e7\u00e3o de condom\u00ednios tem crescido bastante na cidade e, portanto, ter\u00e1 muito a contribuir. No caso das escolas, al\u00e9m de incentivar a educa\u00e7\u00e3o ambiental dos alunos em forma\u00e7\u00e3o, multiplicaremos a informa\u00e7\u00e3o por meio de folhetos que eles receber\u00e3o e levar\u00e3o para seus lares\u201d, explicou Sebasti\u00e3o Ney Vaz Junior, superintendente do Semasa.<\/p>\n\n\n\n<p>Lan\u00e7ada oficialmente hoje (14\/04), a campanha tem como objetivo mobilizar e conscientizar n\u00e3o somente estes p\u00fablicos, mas toda a popula\u00e7\u00e3o andreense, buscando retomar o pioneirismo do munic\u00edpio na quest\u00e3o da coleta seletiva. Estima-se que, at\u00e9 2016, a reciclagem seja ampliada de 8% para 20% das 650 toneladas de lixo di\u00e1rio produzido na cidade. Melhorar a qualidade do material encaminhado \u00e0s cooperativas de reciclagem, incentivando a separa\u00e7\u00e3o e armazenamento consciente, tamb\u00e9m \u00e9 uma das metas.<\/p>\n\n\n\n<p>Presente na coletiva de lan\u00e7amento da Campanha, o prefeito de Santo Andr\u00e9, Carlos Grana, comentou sobre o atual momento da gest\u00e3o de res\u00edduos da cidade. \u201cEssa \u00e9 a terceira fase de um excelente projeto desenvolvido por nosso munic\u00edpio que tornar\u00e1 a coleta e reciclagem de res\u00edduos secos muito mais efetiva\u201d, elogia. \u201cO primeiro passo foi \u00e0 amplia\u00e7\u00e3o do aterro municipal, conclu\u00edda em 2014. Ap\u00f3s essa etapa, inauguramos a nova Central de Triagem Unidade S\u00e3o Jorge, tornando a vida e o rendimento das cooperativas parceiras muito melhor. Agora, com o lan\u00e7amento da campanha, teremos o impulso final para crescermos ainda mais.\u201d<\/p>\n\n\n\n<p><strong>Informa\u00e7\u00f5es \u00fateis sobre a Coleta Seletiva de Santo Andr\u00e9<\/strong><\/p>\n\n\n\n<p>Materiais como vidro, papel, pl\u00e1stico e metal devem ser separados do lixo org\u00e2nico que abrange restos de comida, pap\u00e9is sanit\u00e1rios, guardanapos, entre outros. L\u00e2mpadas fluorescentes, pilhas , restos de m\u00f3veis e madeiras tamb\u00e9m devem ser levados para uma das 17 esta\u00e7\u00f5es de coleta (ou ecopontos) da cidade. Al\u00e9m das 17 esta\u00e7\u00f5es de coleta localizadas em locais estrat\u00e9gicos da cidade, o Semasa tamb\u00e9m disponibiliza PEVs para recicl\u00e1veis. Ao todo s\u00e3o 84 endere\u00e7os pela cidade equipados com os PEVs.<\/p>\n\n\n\n<p>A coleta domiciliar de res\u00edduos secos \u00e9 realizada pelo Semasa em hor\u00e1rios espec\u00edficos de acordo com a regi\u00e3o e atende 100% do munic\u00edpio. Todo o material recicl\u00e1vel \u00e9 encaminhado para as cooperativas de reciclagem, Coopcicla e Coop Cidade Limpa, que hoje est\u00e3o instaladas na Central de Triagem de Res\u00edduos Recicl\u00e1veis, no bairro Cidade S\u00e3o Jorge. Diariamente, s\u00e3o 33 toneladas de res\u00edduos secos recolhidos na cidade (dos 650 totais), que s\u00e3o devidamente pesados e distribu\u00eddos nos galp\u00f5es das cooperativas.<\/p>\n\n\n\n<p>A coleta seletiva em Santo Andr\u00e9 existe desde 1996 e desde 2000 est\u00e1 em toda cidade. Como comparativo, a capital do Paran\u00e1, Curitiba, possui programas de reciclagem desde 1989 e conta com 22% de reaproveitamento do lixo recicl\u00e1vel. J\u00e1 no munic\u00edpio de S\u00e3o Paulo, somente um ter\u00e7o das resid\u00eancias conta com os servi\u00e7os de coleta seletiva porta a porta. Das 12,5 toneladas de lixo di\u00e1rio produzido pela capital paulista, apenas 4% \u00e9 reaproveitado, por\u00e9m, at\u00e9 2016, a meta da capital \u00e9 atingir 10%.<\/p>\n\n\n\n<p><strong>Desempenho dos bairros andreenses na Coleta Seletiva<\/strong><\/p>\n\n\n\n<p><strong>Melhores (de acordo com porcentagem de org\u00e2nicos presentes no lixo)<\/strong><\/p>\n\n\n\n<p>\u00b7 Vila Pires\/ Vila Helena\/ Vila Marina: 67,01<\/p>\n\n\n\n<p>\u00b7 Bela Vista\/ Vila Alice\/ Vila Bastos: 63,38<\/p>\n\n\n\n<p>\u00b7 Camil\u00f3polis: 62,68<\/p>\n\n\n\n<p>\u00b7 Parque Orat\u00f3rio: 60,98<\/p>\n\n\n\n<p>\u00b7 Para\u00edso\/ Vila Alzira: 60,68<\/p>\n\n\n\n<p>\u00b7 Vila Scarpelli\/ Vila Floresta: 59,91<\/p>\n\n\n\n<p>\u00b7 Parque Novo Orat\u00f3rio\/ Jardim S. Alberto: 59,01<\/p>\n\n\n\n<p>\u00b7 Jardim Alvorada\/ Jardim do Est\u00e1dio: 58,77<\/p>\n\n\n\n<p>\u00b7 Ja\u00e7atuba\/ Vila Curu\u00e7a: 57,41<\/p>\n\n\n\n<p>\u00b7 Bom Pastor\/ Scarpelli: 56,44<\/p>\n\n\n\n<p><strong>Piores (de acordo com porcentagem de n\u00e3o org\u00e2nicos presentes no lixo)<\/strong><\/p>\n\n\n\n<p>\u00b7 Bairro Jardim: 74,05<\/p>\n\n\n\n<p>\u00b7 Cidade S\u00e3o Jorge\/ Parque Marajoara: 67,74<\/p>\n\n\n\n<p>\u00b7 Sacadura Cabral\/ Aquilino\/ Pr\u00edncipe de Gales: 63,03<\/p>\n\n\n\n<p>\u00b7 Jardim Santo Andr\u00e9\/ Vila Sui\u00e7a: 62,69<\/p>\n\n\n\n<p>\u00b7 Jardim Joaquim Eug. de Lima\/ Paranapiacapa: 61,86<\/p>\n\n\n\n<p>\u00b7 Centreville\/ Gerassi\/ Marek\/ Marajoara: 61,23<\/p>\n\n\n\n<p>\u00b7 Bairro Santa Maria: 61,17<\/p>\n\n\n\n<p>\u00b7 Parque Jo\u00e3o Ramalho: 56,91<\/p>\n\n\n\n<p>\u00b7 Vila Francisco Matarazzo\/ Parque das Na\u00e7\u00f5es: 55,68<\/p>\n\n\n\n<p>\u00b7 Vila Metal\u00fargica: 54,34<br><strong>Cronograma da Campanha de Coleta Seletiva<\/strong><\/p>\n\n\n\n<p>28\/04 \u2013 Lan\u00e7amento da Campanha de Coleta Seletiva na Pedalada Noturna de Santo Andr\u00e9<br>03\/05 \u2013 Lan\u00e7amento da Campanha de Coleta Seletiva na ciclofaixa de lazer da cidade, promovida aos domingos<br>07\/05 \u2013 In\u00edcio da distribui\u00e7\u00e3o porta a porta de im\u00e3s, com carro de som, pela Vila Pires.<\/p>\n\n\n\n<p><a href=\"https:\/\/www.semasa.sp.gov.br\/category\/releases\/\">Leia mais aqui sobre a coleta seletiva de Santo Andr\u00e9<\/a><\/p>\n\n\n\n<p><strong>Confira fotos nos links abaixo<\/strong><\/p>\n\n\n\n<p><a href=\"https:\/\/www.flickr.com\/photos\/semasa\/sets\/72157650620836591\/\">Central de Triagem \u2013 Inaugura\u00e7\u00e3o<\/a><\/p>\n\n\n\n<p><a href=\"https:\/\/www.flickr.com\/photos\/semasa\/sets\/72157649604047574\/\">Fotos gerais de limpeza p\u00fablica em Santo Andr\u00e9<\/a><\/p>\n\n\n\n<p><a href=\"https:\/\/www.flickr.com\/photos\/semasa\/sets\/72157649629959764\/\">Coletiva de imprensa sobre lan\u00e7amento da Campanha<\/a><\/p>\n","protected":false},"excerpt":{"rendered":"<p>Santo Andr\u00e9, 14 de abril de 2015 \u2013 A nova campanha de Coleta Seletiva promovida pelo Semasa (Servi\u00e7o Municipal de Saneamento Ambiental de Santo Andr\u00e9), em parceria com a Prefeitura da cidade, ter\u00e1 como um de seus principais objetivos a sensibiliza\u00e7\u00e3o e o engajamento de moradores de condom\u00ednios e alunos de escolas municipais no que [&hellip;]<\/p>\n","protected":false},"author":60,"featured_media":0,"comment_status":"open","ping_status":"open","sticky":false,"template":"","format":"standard","meta":{"footnotes":""},"categories":[8,5],"tags":[],"class_list":["post-2909","post","type-post","status-publish","format-standard","hentry","category-releases","category-residuos-solidos"],"_links":{"self":[{"href":"https:\/\/portais.santoandre.sp.gov.br\/semasa\/wp-json\/wp\/v2\/posts\/2909","targetHints":{"allow":["GET"]}}],"collection":[{"href":"https:\/\/portais.santoandre.sp.gov.br\/semasa\/wp-json\/wp\/v2\/posts"}],"about":[{"href":"https:\/\/portais.santoandre.sp.gov.br\/semasa\/wp-json\/wp\/v2\/types\/post"}],"author":[{"embeddable":true,"href":"https:\/\/portais.santoandre.sp.gov.br\/semasa\/wp-json\/wp\/v2\/users\/60"}],"replies":[{"embeddable":true,"href":"https:\/\/portais.santoandre.sp.gov.br\/semasa\/wp-json\/wp\/v2\/comments?post=2909"}],"version-history":[{"count":1,"href":"https:\/\/portais.santoandre.sp.gov.br\/semasa\/wp-json\/wp\/v2\/posts\/2909\/revisions"}],"predecessor-version":[{"id":2910,"href":"https:\/\/portais.santoandre.sp.gov.br\/semasa\/wp-json\/wp\/v2\/posts\/2909\/revisions\/2910"}],"wp:attachment":[{"href":"https:\/\/portais.santoandre.sp.gov.br\/semasa\/wp-json\/wp\/v2\/media?parent=2909"}],"wp:term":[{"taxonomy":"category","embeddable":true,"href":"https:\/\/portais.santoandre.sp.gov.br\/semasa\/wp-json\/wp\/v2\/categories?post=2909"},{"taxonomy":"post_tag","embeddable":true,"href":"https:\/\/portais.santoandre.sp.gov.br\/semasa\/wp-json\/wp\/v2\/tags?post=2909"}],"curies":[{"name":"wp","href":"https:\/\/api.w.org\/{rel}","templated":true}]}}