{"id":2882,"date":"2015-03-31T15:46:00","date_gmt":"2015-03-31T18:46:00","guid":{"rendered":"https:\/\/portais.santoandre.sp.gov.br\/semasa\/?p=2882"},"modified":"2025-01-15T15:46:20","modified_gmt":"2025-01-15T18:46:20","slug":"errata-jornal-santo-andre","status":"publish","type":"post","link":"https:\/\/portais.santoandre.sp.gov.br\/semasa\/2015\/03\/31\/errata-jornal-santo-andre\/","title":{"rendered":"Errata \u2013 Jornal Santo Andr\u00e9"},"content":{"rendered":"\n<p>Santo Andr\u00e9, 31 de mar\u00e7o de 2015 \u2013 O Semasa informa que, por um equ\u00edvoco na transmiss\u00e3o de arquivo, o an\u00fancio<strong>&nbsp;<\/strong><strong>\u201cEconomize \u00c1gua\u201d,<\/strong>&nbsp;veiculado no&nbsp;jornal&nbsp;<em>Santo Andr\u00e9 \u2013 Conquistas &amp; Melhorias<\/em>, edi\u00e7\u00e3o 7, de abril de 2015, saiu com informa\u00e7\u00e3o errada. Ao contr\u00e1rio do que o texto do an\u00fancio \u201cEconomize \u00c1gua\u201d informa,&nbsp;<strong>o Semasa n\u00e3o est\u00e1 mais concedendo o desconto de 30% na conta de \u00e1gua<\/strong>&nbsp;para os im\u00f3veis que economizarem pelo menos 20% do consumo.<\/p>\n\n\n\n<p><strong>A norma que institu\u00eda este desconto valeu at\u00e9 setembro de 2014.<\/strong>&nbsp;Por isso, diferentemente do que foi publicado no jornal da Prefeitura e cuja distribui\u00e7\u00e3o j\u00e1 est\u00e1 sendo feita aos andreenses.<\/p>\n\n\n\n<p>Pelo equ\u00edvoco, pedimos desculpas e esperamos contar com a sua compreens\u00e3o.<\/p>\n","protected":false},"excerpt":{"rendered":"<p>Santo Andr\u00e9, 31 de mar\u00e7o de 2015 \u2013 O Semasa informa que, por um equ\u00edvoco na transmiss\u00e3o de arquivo, o an\u00fancio&nbsp;\u201cEconomize \u00c1gua\u201d,&nbsp;veiculado no&nbsp;jornal&nbsp;Santo Andr\u00e9 \u2013 Conquistas &amp; Melhorias, edi\u00e7\u00e3o 7, de abril de 2015, saiu com informa\u00e7\u00e3o errada. Ao contr\u00e1rio do que o texto do an\u00fancio \u201cEconomize \u00c1gua\u201d informa,&nbsp;o Semasa n\u00e3o est\u00e1 mais concedendo o [&hellip;]<\/p>\n","protected":false},"author":60,"featured_media":0,"comment_status":"open","ping_status":"open","sticky":false,"template":"","format":"standard","meta":{"footnotes":""},"categories":[10,8],"tags":[],"class_list":["post-2882","post","type-post","status-publish","format-standard","hentry","category-institucional","category-releases"],"_links":{"self":[{"href":"https:\/\/portais.santoandre.sp.gov.br\/semasa\/wp-json\/wp\/v2\/posts\/2882","targetHints":{"allow":["GET"]}}],"collection":[{"href":"https:\/\/portais.santoandre.sp.gov.br\/semasa\/wp-json\/wp\/v2\/posts"}],"about":[{"href":"https:\/\/portais.santoandre.sp.gov.br\/semasa\/wp-json\/wp\/v2\/types\/post"}],"author":[{"embeddable":true,"href":"https:\/\/portais.santoandre.sp.gov.br\/semasa\/wp-json\/wp\/v2\/users\/60"}],"replies":[{"embeddable":true,"href":"https:\/\/portais.santoandre.sp.gov.br\/semasa\/wp-json\/wp\/v2\/comments?post=2882"}],"version-history":[{"count":1,"href":"https:\/\/portais.santoandre.sp.gov.br\/semasa\/wp-json\/wp\/v2\/posts\/2882\/revisions"}],"predecessor-version":[{"id":2883,"href":"https:\/\/portais.santoandre.sp.gov.br\/semasa\/wp-json\/wp\/v2\/posts\/2882\/revisions\/2883"}],"wp:attachment":[{"href":"https:\/\/portais.santoandre.sp.gov.br\/semasa\/wp-json\/wp\/v2\/media?parent=2882"}],"wp:term":[{"taxonomy":"category","embeddable":true,"href":"https:\/\/portais.santoandre.sp.gov.br\/semasa\/wp-json\/wp\/v2\/categories?post=2882"},{"taxonomy":"post_tag","embeddable":true,"href":"https:\/\/portais.santoandre.sp.gov.br\/semasa\/wp-json\/wp\/v2\/tags?post=2882"}],"curies":[{"name":"wp","href":"https:\/\/api.w.org\/{rel}","templated":true}]}}