{"id":2765,"date":"2014-12-05T14:56:00","date_gmt":"2014-12-05T16:56:00","guid":{"rendered":"https:\/\/portais.santoandre.sp.gov.br\/semasa\/?p=2765"},"modified":"2025-01-14T14:57:31","modified_gmt":"2025-01-14T17:57:31","slug":"semasa-realiza-servicos-preventivos-de-drenagem","status":"publish","type":"post","link":"https:\/\/portais.santoandre.sp.gov.br\/semasa\/2014\/12\/05\/semasa-realiza-servicos-preventivos-de-drenagem\/","title":{"rendered":"Semasa realiza servi\u00e7os preventivos de drenagem"},"content":{"rendered":"\n<p><strong>Santo Andr\u00e9, 05 de dezembro de 2014 \u2013 Entre as a\u00e7\u00f5es que complementam o trabalho preventivo do Programa Opera\u00e7\u00e3o Chuvas de Ver\u00e3o (POCV), tamb\u00e9m est\u00e3o manuten\u00e7\u00f5es realizadas no \u00faltimo m\u00eas pela Ger\u00eancia de Drenagem, do Departamento de Manuten\u00e7\u00e3o e Obras (DMO). Confira:<\/strong><\/p>\n\n\n\n<ul class=\"wp-block-list\">\n<li>Limpeza das canaletas:<br>Local: Av. Perimetral (via rebaixada) \u2013 Sentido Bairro\/Centro<br>Per\u00edodo de execu\u00e7\u00e3o: 30\/11\/2014<br>Volume de res\u00edduos retirados: 5,5 toneladas (aproximadamente)<\/li>\n\n\n\n<li>Limpeza Mec\u00e2nica de C\u00f3rrego<br>Local: C\u00f3rrego Guarar\u00e1<br>Per\u00edodo de execu\u00e7\u00e3o: 01\/12\/2014 \u2013 Em andamento<\/li>\n\n\n\n<li>Limpeza Mec\u00e2nica de Micro Reservat\u00f3rio<br>Local: Rua Caquito, 437, Vila Pires<br>Per\u00edodo de execu\u00e7\u00e3o: 27\/11\/2014<br>Volume de res\u00edduos retirados: 21 toneladas (aproximadamente)<\/li>\n<\/ul>\n\n\n<div class=\"wp-block-image\">\n<figure class=\"aligncenter\"><a href=\"https:\/\/www.semasa.sp.gov.br\/wp-content\/uploads\/2014\/12\/foos_caquito.jpg\"><img decoding=\"async\" src=\"https:\/\/www.semasa.sp.gov.br\/wp-content\/uploads\/2014\/12\/foos_caquito-258x300.jpg\" alt=\"foos_caquito\" class=\"wp-image-7343\" \/><\/a><\/figure><\/div>","protected":false},"excerpt":{"rendered":"<p>Santo Andr\u00e9, 05 de dezembro de 2014 \u2013 Entre as a\u00e7\u00f5es que complementam o trabalho preventivo do Programa Opera\u00e7\u00e3o Chuvas de Ver\u00e3o (POCV), tamb\u00e9m est\u00e3o manuten\u00e7\u00f5es realizadas no \u00faltimo m\u00eas pela Ger\u00eancia de Drenagem, do Departamento de Manuten\u00e7\u00e3o e Obras (DMO). Confira:<\/p>\n","protected":false},"author":60,"featured_media":0,"comment_status":"open","ping_status":"open","sticky":false,"template":"","format":"standard","meta":{"footnotes":""},"categories":[12,8],"tags":[],"class_list":["post-2765","post","type-post","status-publish","format-standard","hentry","category-drenagem","category-releases"],"_links":{"self":[{"href":"https:\/\/portais.santoandre.sp.gov.br\/semasa\/wp-json\/wp\/v2\/posts\/2765","targetHints":{"allow":["GET"]}}],"collection":[{"href":"https:\/\/portais.santoandre.sp.gov.br\/semasa\/wp-json\/wp\/v2\/posts"}],"about":[{"href":"https:\/\/portais.santoandre.sp.gov.br\/semasa\/wp-json\/wp\/v2\/types\/post"}],"author":[{"embeddable":true,"href":"https:\/\/portais.santoandre.sp.gov.br\/semasa\/wp-json\/wp\/v2\/users\/60"}],"replies":[{"embeddable":true,"href":"https:\/\/portais.santoandre.sp.gov.br\/semasa\/wp-json\/wp\/v2\/comments?post=2765"}],"version-history":[{"count":1,"href":"https:\/\/portais.santoandre.sp.gov.br\/semasa\/wp-json\/wp\/v2\/posts\/2765\/revisions"}],"predecessor-version":[{"id":2766,"href":"https:\/\/portais.santoandre.sp.gov.br\/semasa\/wp-json\/wp\/v2\/posts\/2765\/revisions\/2766"}],"wp:attachment":[{"href":"https:\/\/portais.santoandre.sp.gov.br\/semasa\/wp-json\/wp\/v2\/media?parent=2765"}],"wp:term":[{"taxonomy":"category","embeddable":true,"href":"https:\/\/portais.santoandre.sp.gov.br\/semasa\/wp-json\/wp\/v2\/categories?post=2765"},{"taxonomy":"post_tag","embeddable":true,"href":"https:\/\/portais.santoandre.sp.gov.br\/semasa\/wp-json\/wp\/v2\/tags?post=2765"}],"curies":[{"name":"wp","href":"https:\/\/api.w.org\/{rel}","templated":true}]}}