{"id":2707,"date":"2014-10-03T15:21:00","date_gmt":"2014-10-03T18:21:00","guid":{"rendered":"https:\/\/portais.santoandre.sp.gov.br\/semasa\/?p=2707"},"modified":"2025-01-13T15:22:22","modified_gmt":"2025-01-13T18:22:22","slug":"comerciantes-da-regiao-central-recebem-orientacoes-sobre-emissao-de-barulho","status":"publish","type":"post","link":"https:\/\/portais.santoandre.sp.gov.br\/semasa\/2014\/10\/03\/comerciantes-da-regiao-central-recebem-orientacoes-sobre-emissao-de-barulho\/","title":{"rendered":"Comerciantes da regi\u00e3o central recebem orienta\u00e7\u00f5es sobre emiss\u00e3o de barulho"},"content":{"rendered":"\n<p><strong>Santo Andr\u00e9, 03 de outubro de 2014 \u2013 Para garantir a boa conviv\u00eancia no ambiente urbano e ainda orientar os propriet\u00e1rios dos estabelecimentos comerciais, das ruas General Glic\u00e9rio e Oliveira Lima, quanto aos padr\u00f5es permitidos para emiss\u00e3o de ru\u00eddo, o Semasa (Servi\u00e7o Municipal de Saneamento Ambiental de Santo Andr\u00e9), por meio de seu Departamento de Gest\u00e3o Ambiental, realizou em setembro a\u00e7\u00e3o para conscientizar os comerciantes sobre a legisla\u00e7\u00e3o ambiental do munic\u00edpio.<\/strong><\/p>\n\n\n\n<p>Al\u00e9m de orientar os respons\u00e1veis pelos estabelecimentos comerciais sobre a fiscaliza\u00e7\u00e3o ambiental e as san\u00e7\u00f5es em caso de descumprimento da lei, os agentes da autarquia realizaram testes com o decebil\u00edmetro, aparelho utilizado para medir os n\u00edveis de ru\u00eddo, nos com\u00e9rcios que estavam com caixas de som amplificado em funcionamento. No total, foram vistoriados 20 estabelecimentos.<\/p>\n\n\n\n<p>De acordo com a gerente de controle ambiental do DGA, Vanessa Cristina Santiago, a a\u00e7\u00e3o n\u00e3o teve o intuito de penalizar nenhum estabelecimento. \u201cEste trabalho procurou minimizar os impactos do ru\u00eddo excessivo provocado pelos com\u00e9rcios nas resid\u00eancias e nas pessoas que frequentam a regi\u00e3o central. Temos a expectativa de que, com a conscientiza\u00e7\u00e3o, a demanda por fiscaliza\u00e7\u00e3o naquele local diminua e os limites sejam respeitados\u201d, explica. Ganha a popula\u00e7\u00e3o, os comerciantes e a cidade.<\/p>\n\n\n\n<p><strong>Atendimentos<\/strong>&nbsp;\u2013 A fiscaliza\u00e7\u00e3o de barulho \u00e9 uma das principais demandas da gest\u00e3o ambiental do Semasa. Os chamados s\u00e3o recebidos pela Central de Atendimento telef\u00f4nico e encaminhados para o Departamento de Gest\u00e3o Ambiental. Ap\u00f3s a reclama\u00e7\u00e3o, a autarquia tem um prazo de tr\u00eas horas e meia para vistoriar e fiscalizar o problema.<\/p>\n\n\n\n<p>Dados de 2013 mostram que foram abertas 2.236 ordens de servi\u00e7o para este servi\u00e7o. J\u00e1 e 2014, at\u00e9 o momento, foram abertos 1.970 pedidos.<\/p>\n","protected":false},"excerpt":{"rendered":"<p>Santo Andr\u00e9, 03 de outubro de 2014 \u2013 Para garantir a boa conviv\u00eancia no ambiente urbano e ainda orientar os propriet\u00e1rios dos estabelecimentos comerciais, das ruas General Glic\u00e9rio e Oliveira Lima, quanto aos padr\u00f5es permitidos para emiss\u00e3o de ru\u00eddo, o Semasa (Servi\u00e7o Municipal de Saneamento Ambiental de Santo Andr\u00e9), por meio de seu Departamento de [&hellip;]<\/p>\n","protected":false},"author":60,"featured_media":0,"comment_status":"open","ping_status":"open","sticky":false,"template":"","format":"standard","meta":{"footnotes":""},"categories":[9,8],"tags":[],"class_list":["post-2707","post","type-post","status-publish","format-standard","hentry","category-fiscalizacao-ambiental","category-releases"],"_links":{"self":[{"href":"https:\/\/portais.santoandre.sp.gov.br\/semasa\/wp-json\/wp\/v2\/posts\/2707","targetHints":{"allow":["GET"]}}],"collection":[{"href":"https:\/\/portais.santoandre.sp.gov.br\/semasa\/wp-json\/wp\/v2\/posts"}],"about":[{"href":"https:\/\/portais.santoandre.sp.gov.br\/semasa\/wp-json\/wp\/v2\/types\/post"}],"author":[{"embeddable":true,"href":"https:\/\/portais.santoandre.sp.gov.br\/semasa\/wp-json\/wp\/v2\/users\/60"}],"replies":[{"embeddable":true,"href":"https:\/\/portais.santoandre.sp.gov.br\/semasa\/wp-json\/wp\/v2\/comments?post=2707"}],"version-history":[{"count":1,"href":"https:\/\/portais.santoandre.sp.gov.br\/semasa\/wp-json\/wp\/v2\/posts\/2707\/revisions"}],"predecessor-version":[{"id":2708,"href":"https:\/\/portais.santoandre.sp.gov.br\/semasa\/wp-json\/wp\/v2\/posts\/2707\/revisions\/2708"}],"wp:attachment":[{"href":"https:\/\/portais.santoandre.sp.gov.br\/semasa\/wp-json\/wp\/v2\/media?parent=2707"}],"wp:term":[{"taxonomy":"category","embeddable":true,"href":"https:\/\/portais.santoandre.sp.gov.br\/semasa\/wp-json\/wp\/v2\/categories?post=2707"},{"taxonomy":"post_tag","embeddable":true,"href":"https:\/\/portais.santoandre.sp.gov.br\/semasa\/wp-json\/wp\/v2\/tags?post=2707"}],"curies":[{"name":"wp","href":"https:\/\/api.w.org\/{rel}","templated":true}]}}