{"id":2623,"date":"2014-06-25T15:30:00","date_gmt":"2014-06-25T18:30:00","guid":{"rendered":"https:\/\/portais.santoandre.sp.gov.br\/semasa\/?p=2623"},"modified":"2025-01-09T15:31:24","modified_gmt":"2025-01-09T18:31:24","slug":"santo-andre-faz-2a-caminhada-interparques-no-domingo-29-6","status":"publish","type":"post","link":"https:\/\/portais.santoandre.sp.gov.br\/semasa\/2014\/06\/25\/santo-andre-faz-2a-caminhada-interparques-no-domingo-29-6\/","title":{"rendered":"Santo Andr\u00e9 faz 2\u00aa Caminhada Interparques no domingo (29\/6)"},"content":{"rendered":"\n<p>25\/06\/2014 \u2013 Ap\u00f3s a realiza\u00e7\u00e3o de diversas atividades durante o M\u00eas do Meio Ambiente, o Semasa (Servi\u00e7o Municipal de Saneamento Ambiental de Santo Andr\u00e9), em parceria com a Prefeitura de Santo Andr\u00e9, promove a segunda edi\u00e7\u00e3o da Caminhada Interparques, que acontecer\u00e1 no pr\u00f3ximo domingo, 29\/6, encerrando a agenda comemorativa do m\u00eas.<\/p>\n\n\n\n<p>A concentra\u00e7\u00e3o da Caminhada ocorrer\u00e1 &nbsp;a partir das 8h na \u00e1rea de eventos do &nbsp;Parque Celso Daniel. \u00c0s 8h30, o aquecimento ser\u00e1 comandado pelos professores do departamento de esportes da Prefeitura. A caminhada, aberta a toda a popula\u00e7\u00e3o, se iniciar\u00e1 \u00e0s 9h, e vai at\u00e9 o Parque Central.<\/p>\n\n\n\n<p>Durante a Caminhada um grupo teatral realizar\u00e1 &nbsp;interven\u00e7\u00f5es art\u00edsticas com os participantes e, ao final, ser\u00e1 &nbsp;exibida no Parque Central uma pe\u00e7a teatral de autoria de Luiz Alberto de Abreu intitulada \u201cO pum de Micura\u201d.<\/p>\n\n\n\n<p>N\u00e3o h\u00e1 necessidade de inscri\u00e7\u00e3o pr\u00e9via.<\/p>\n","protected":false},"excerpt":{"rendered":"<p>25\/06\/2014 \u2013 Ap\u00f3s a realiza\u00e7\u00e3o de diversas atividades durante o M\u00eas do Meio Ambiente, o Semasa (Servi\u00e7o Municipal de Saneamento Ambiental de Santo Andr\u00e9), em parceria com a Prefeitura de Santo Andr\u00e9, promove a segunda edi\u00e7\u00e3o da Caminhada Interparques, que acontecer\u00e1 no pr\u00f3ximo domingo, 29\/6, encerrando a agenda comemorativa do m\u00eas. A concentra\u00e7\u00e3o da Caminhada [&hellip;]<\/p>\n","protected":false},"author":60,"featured_media":0,"comment_status":"open","ping_status":"open","sticky":false,"template":"","format":"standard","meta":{"footnotes":""},"categories":[10,8],"tags":[],"class_list":["post-2623","post","type-post","status-publish","format-standard","hentry","category-institucional","category-releases"],"_links":{"self":[{"href":"https:\/\/portais.santoandre.sp.gov.br\/semasa\/wp-json\/wp\/v2\/posts\/2623","targetHints":{"allow":["GET"]}}],"collection":[{"href":"https:\/\/portais.santoandre.sp.gov.br\/semasa\/wp-json\/wp\/v2\/posts"}],"about":[{"href":"https:\/\/portais.santoandre.sp.gov.br\/semasa\/wp-json\/wp\/v2\/types\/post"}],"author":[{"embeddable":true,"href":"https:\/\/portais.santoandre.sp.gov.br\/semasa\/wp-json\/wp\/v2\/users\/60"}],"replies":[{"embeddable":true,"href":"https:\/\/portais.santoandre.sp.gov.br\/semasa\/wp-json\/wp\/v2\/comments?post=2623"}],"version-history":[{"count":1,"href":"https:\/\/portais.santoandre.sp.gov.br\/semasa\/wp-json\/wp\/v2\/posts\/2623\/revisions"}],"predecessor-version":[{"id":2624,"href":"https:\/\/portais.santoandre.sp.gov.br\/semasa\/wp-json\/wp\/v2\/posts\/2623\/revisions\/2624"}],"wp:attachment":[{"href":"https:\/\/portais.santoandre.sp.gov.br\/semasa\/wp-json\/wp\/v2\/media?parent=2623"}],"wp:term":[{"taxonomy":"category","embeddable":true,"href":"https:\/\/portais.santoandre.sp.gov.br\/semasa\/wp-json\/wp\/v2\/categories?post=2623"},{"taxonomy":"post_tag","embeddable":true,"href":"https:\/\/portais.santoandre.sp.gov.br\/semasa\/wp-json\/wp\/v2\/tags?post=2623"}],"curies":[{"name":"wp","href":"https:\/\/api.w.org\/{rel}","templated":true}]}}