{"id":2518,"date":"2014-01-21T13:24:00","date_gmt":"2014-01-21T15:24:00","guid":{"rendered":"https:\/\/portais.santoandre.sp.gov.br\/semasa\/?p=2518"},"modified":"2025-01-08T13:24:44","modified_gmt":"2025-01-08T16:24:44","slug":"semasa-assina-contrato-para-estimular-o-uso-racional-da-agua-nas-escolas","status":"publish","type":"post","link":"https:\/\/portais.santoandre.sp.gov.br\/semasa\/2014\/01\/21\/semasa-assina-contrato-para-estimular-o-uso-racional-da-agua-nas-escolas\/","title":{"rendered":"Semasa assina contrato para estimular o uso racional da \u00e1gua nas escolas"},"content":{"rendered":"\n<p class=\"wp-block-paragraph\"><em>Oficializa\u00e7\u00e3o ocorreu hoje entre o prefeito Carlos Grana, o superintendente do Semasa, Sebasti\u00e3o Ney Vaz Jr., e o secret\u00e1rio de Estado de Abastecimento e Recursos H\u00eddricos, Edson Giriboni; por meio do Programa Re\u00e1gua, o Semasa realizar\u00e1 a\u00e7\u00f5es de combate \u00e0 perda e ao desperd\u00edcio de \u00e1gua em 68 escolas de Santo Andr\u00e9<\/em><\/p>\n\n\n\n<p class=\"wp-block-paragraph\"><strong>Santo Andr\u00e9, 21 de janeiro de 2014 \u2013 O Prefeito de Santo Andr\u00e9, Carlos Grana, o Superintendente do Semasa (Servi\u00e7o Municipal de Saneamento Ambiental de Santo Andr\u00e9), Sebasti\u00e3o Ney Vaz Jr., e o secret\u00e1rio de Estado de Saneamento e Recursos H\u00eddricos, Edson Giriboni assinaram hoje (21) o contrato para oficializar o in\u00edcio do \u201cPrograma de Uso Racional da \u00c1gua nas Escolas\u201d em Santo Andr\u00e9. O contrato faz parte do Programa Estadual de Apoio \u00e0 Recupera\u00e7\u00e3o de \u00c1guas (Re\u00e1gua), por meio do qual o munic\u00edpio participante realiza um diagn\u00f3stico em escolas p\u00fablicas objetivando fazer interven\u00e7\u00f5es para combater perdas e desperd\u00edcio de \u00e1gua. Para isso, ser\u00e1 liberada uma contrapartida financeira com vistas \u00e0 troca de equipamentos e intensifica\u00e7\u00e3o das a\u00e7\u00f5es de educa\u00e7\u00e3o ambiental nas unidades escolares.<\/strong><\/p>\n\n\n\n<p class=\"wp-block-paragraph\">A proposta t\u00e9cnica do Semasa que prev\u00ea melhorias em 68 escolas do munic\u00edpio foi aprovada em junho de 2013 pela Secretaria do Estado de Saneamento e Recursos H\u00eddricos. Os recursos para o Programa s\u00e3o da ordem de R$ 1,5 milh\u00e3o. Os investimentos iniciais ser\u00e3o realizados pelo Semasa e depois reembolsados pelo Programa Re\u00e1gua, em duas etapas. O segundo desembolso acontecer\u00e1 se as metas estipuladas de redu\u00e7\u00e3o de consumo previstas forem atingidas.<\/p>\n\n\n\n<p class=\"wp-block-paragraph\">Em 2013, o Semasa, por meio do Departamento de Manuten\u00e7\u00e3o e Opera\u00e7\u00e3o do Semasa, \u00e1rea executora do Programa, realizou um diagn\u00f3stico em 24 creches e 44 Emeifs (Escolas Municipais de Ensino Fundamental) de Santo Andr\u00e9. Durante as vistorias foram analisados todos os equipamentos hidr\u00e1ulicos com o objetivo de verificar o consumo m\u00e9dio, detectar vazamentos e contabilizar equipamentos hidr\u00e1ulicos como torneiras, vasos sanit\u00e1rios, mict\u00f3rios e v\u00e1lvulas de descarga que necessitar\u00e3o de troca ou manuten\u00e7\u00e3o.<\/p>\n\n\n\n<p class=\"wp-block-paragraph\">O encarregado de Controle de Perdas de \u00c1gua do Semasa, Paulo Seiji Yamasaki, explica que o Programa utiliza como par\u00e2metro um consumo de 14 litros por dia\/aluno. \u201cEm algumas escolas visitadas este par\u00e2metro est\u00e1 variando entre 40 e 50 litros\/dia\/aluno, o que \u00e9 bastante elevado. Teremos de trocar alguns equipamentos e trabalhar com a educa\u00e7\u00e3o ambiental junto a funcion\u00e1rios e alunos para estimular o uso racional da \u00e1gua\u201d.<\/p>\n\n\n\n<p class=\"wp-block-paragraph\">Al\u00e9m das medidas t\u00e9cnicas tamb\u00e9m est\u00e3o previstas a\u00e7\u00f5es educativas com orienta\u00e7\u00e3o de alunos, professores e comunidade por meio da educa\u00e7\u00e3o ambiental do Semasa.<\/p>\n\n\n\n<p class=\"wp-block-paragraph\"><strong>Programa Re\u00e1gua<\/strong>&nbsp;\u2013 Coordenado pela Secretaria de Saneamento e Recursos H\u00eddricos, o Programa tem por objetivo o apoio a a\u00e7\u00f5es de saneamento que contribuam para aumentar a oferta de \u00e1gua no Estado de S\u00e3o Paulo, principalmente nas bacias com maior escassez h\u00eddrica, caso da Bacia do Alto Tiet\u00ea, na qual se insere Santo Andr\u00e9. Os recursos financeiros do Re\u00e1gua s\u00e3o provenientes de acordos de empr\u00e9stimo entre o Banco Mundial e o Governo do Estado.<\/p>\n","protected":false},"excerpt":{"rendered":"<p>Oficializa\u00e7\u00e3o ocorreu hoje entre o prefeito Carlos Grana, o superintendente do Semasa, Sebasti\u00e3o Ney Vaz Jr., e o secret\u00e1rio de Estado de Abastecimento e Recursos H\u00eddricos, Edson Giriboni; por meio do Programa Re\u00e1gua, o Semasa realizar\u00e1 a\u00e7\u00f5es de combate \u00e0 perda e ao desperd\u00edcio de \u00e1gua em 68 escolas de Santo Andr\u00e9 Santo Andr\u00e9, 21 [&hellip;]<\/p>\n","protected":false},"author":60,"featured_media":0,"comment_status":"open","ping_status":"open","sticky":false,"template":"","format":"standard","meta":{"footnotes":""},"categories":[11,8],"tags":[],"class_list":["post-2518","post","type-post","status-publish","format-standard","hentry","category-agua-e-esgoto","category-releases"],"_links":{"self":[{"href":"https:\/\/portais.santoandre.sp.gov.br\/semasa\/wp-json\/wp\/v2\/posts\/2518","targetHints":{"allow":["GET"]}}],"collection":[{"href":"https:\/\/portais.santoandre.sp.gov.br\/semasa\/wp-json\/wp\/v2\/posts"}],"about":[{"href":"https:\/\/portais.santoandre.sp.gov.br\/semasa\/wp-json\/wp\/v2\/types\/post"}],"author":[{"embeddable":true,"href":"https:\/\/portais.santoandre.sp.gov.br\/semasa\/wp-json\/wp\/v2\/users\/60"}],"replies":[{"embeddable":true,"href":"https:\/\/portais.santoandre.sp.gov.br\/semasa\/wp-json\/wp\/v2\/comments?post=2518"}],"version-history":[{"count":1,"href":"https:\/\/portais.santoandre.sp.gov.br\/semasa\/wp-json\/wp\/v2\/posts\/2518\/revisions"}],"predecessor-version":[{"id":2519,"href":"https:\/\/portais.santoandre.sp.gov.br\/semasa\/wp-json\/wp\/v2\/posts\/2518\/revisions\/2519"}],"wp:attachment":[{"href":"https:\/\/portais.santoandre.sp.gov.br\/semasa\/wp-json\/wp\/v2\/media?parent=2518"}],"wp:term":[{"taxonomy":"category","embeddable":true,"href":"https:\/\/portais.santoandre.sp.gov.br\/semasa\/wp-json\/wp\/v2\/categories?post=2518"},{"taxonomy":"post_tag","embeddable":true,"href":"https:\/\/portais.santoandre.sp.gov.br\/semasa\/wp-json\/wp\/v2\/tags?post=2518"}],"curies":[{"name":"wp","href":"https:\/\/api.w.org\/{rel}","templated":true}]}}