{"id":2422,"date":"2024-12-18T14:22:40","date_gmt":"2024-12-18T17:22:40","guid":{"rendered":"https:\/\/portais.santoandre.sp.gov.br\/semasa\/?p=2422"},"modified":"2024-12-18T14:22:40","modified_gmt":"2024-12-18T17:22:40","slug":"abre-e-fecha-do-semasa-de-2024","status":"publish","type":"post","link":"https:\/\/portais.santoandre.sp.gov.br\/semasa\/2024\/12\/18\/abre-e-fecha-do-semasa-de-2024\/","title":{"rendered":"Abre e fecha do Semasa de 2024"},"content":{"rendered":"\n<p><span style=\"color: #cf2e2e\" class=\"stk-highlight\"><strong>NATAL<\/strong><\/span><\/p>\n\n\n\n<p><strong><span style=\"color: #0693e3\" class=\"stk-highlight\">RES\u00cdDUOS S\u00d3LIDOS<\/span><\/strong><\/p>\n\n\n\n<p><em>Coleta porta a porta<\/em><\/p>\n\n\n\n<p>23\/12 &#8211; Normal<\/p>\n\n\n\n<p>24\/12 \u2013 Coleta de res\u00edduos \u00famidos e secos &#8211; Coleta diurna: das 7h \u00e0s 15h; Coleta noturna: a partir das 15h.<\/p>\n\n\n\n<p>25\/12 \u2013 N\u00e3o h\u00e1 coleta<\/p>\n\n\n\n<p>26\/12 \u2013 Coleta de res\u00edduos \u00famidos normal, de acordo com o setor; Coleta de res\u00edduos secos apenas em pontos cadastrados.<\/p>\n\n\n\n<p>27\/12 \u2013 Normal, de acordo com os setores.<\/p>\n\n\n\n<p><\/p>\n\n\n\n<p><em>Animais mortos e coleta de res\u00edduos de sa\u00fade<\/em><\/p>\n\n\n\n<p>23\/12 \u2013 Normal<\/p>\n\n\n\n<p>24\/12 \u2013 Das 7h \u00e0s 11h<\/p>\n\n\n\n<p>25\/12 \u2013 N\u00e3o h\u00e1 expediente<\/p>\n\n\n\n<p><\/p>\n\n\n\n<p><em>Esta\u00e7\u00f5es de Coleta<\/em><\/p>\n\n\n\n<p>Os endere\u00e7os e hor\u00e1rios de funcionamento de todos os ecopontos est\u00e3o em <a href=\"https:\/\/bit.ly\/estacoesdecoleta\">https:\/\/bit.ly\/estacoesdecoleta<\/a>.<\/p>\n\n\n\n<p>23\/12 \u2013 Normal<\/p>\n\n\n\n<p>24\/12 \u2013 Das 8h \u00e0s 12h<\/p>\n\n\n\n<p>25\/12 \u2013 N\u00e3o h\u00e1 expediente<\/p>\n\n\n\n<p><\/p>\n\n\n\n<p><em>Varri\u00e7\u00e3o<\/em><\/p>\n\n\n\n<p>23\/12 \u2013 Normal<\/p>\n\n\n\n<p>24\/12 \u2013 At\u00e9 \u00e0s 18h<\/p>\n\n\n\n<p>25\/12 \u2013 Regi\u00e3o do Centro at\u00e9 \u00e0s 14h e varri\u00e7\u00e3o noturna normal<\/p>\n\n\n\n<p><\/p>\n\n\n\n<p><strong><span style=\"color: #00d084\" class=\"stk-highlight\">Parque Natural do Pedroso<\/span><\/strong><\/p>\n\n\n\n<p>O parque abre normalmente, das 7h \u00e0s 17h<\/p>\n\n\n\n<p>Pedalinho: N\u00e3o funciona dias 24 e 25\/12<\/p>\n\n\n\n<p>Endere\u00e7o: Estrada do Pedroso, altura do n\u00famero 3000 (Parque Miami)<\/p>\n\n\n\n<p><\/p>\n\n\n\n<p><strong><span style=\"color: #9b51e0\" class=\"stk-highlight\">Atendimento e expediente<\/span><\/strong><\/p>\n\n\n\n<p>N\u00e3o h\u00e1 atendimento presencial, telef\u00f4nico e de WhatsApp aos clientes entre os dias 21 e 25\/12. O atendimento ser\u00e1 retomado no dia 26\/12 (quinta-feira).<\/p>\n\n\n\n<p>No Posto de Atendimento, o atendimento ocorre apenas mediante agendamento pr\u00e9vio.<\/p>\n\n\n\n<p>As ordens de servi\u00e7o devem ser abertas de forma on-line, diretamente no site do Semasa (<a href=\"https:\/\/portais.santoandre.sp.gov.br\/semasa\/institucional\/servicos-ao-usuario\/\">https:\/\/portais.santoandre.sp.gov.br\/semasa\/institucional\/servicos-ao-usuario\/<\/a>).<\/p>\n\n\n\n<p>N\u00e3o h\u00e1 expediente na autarquia, conforme decreto municipal. Os servi\u00e7os essenciais s\u00e3o mantidos em escala de plant\u00e3o.<\/p>\n\n\n\n<p><\/p>\n\n\n\n<p><strong><span style=\"color: #cf2e2e\" class=\"stk-highlight\">Ano novo<\/span><\/strong><\/p>\n\n\n\n<p><strong><span style=\"color: #0693e3\" class=\"stk-highlight\">RES\u00cdDUOS S\u00d3LIDOS<\/span><\/strong><\/p>\n\n\n\n<p><em>Coleta porta a porta<\/em><\/p>\n\n\n\n<p>30\/12 \u2013 Normal<\/p>\n\n\n\n<p>31\/12 &#8211; Coleta de res\u00edduos \u00famidos e secos &#8211; Coleta diurna: das 7h \u00e0s 15h; Coleta noturna: a partir das 15h.<\/p>\n\n\n\n<p>1\u00ba\/1\/25 &#8211; N\u00e3o h\u00e1 coleta<\/p>\n\n\n\n<p>2\/1 &#8211; Coleta de res\u00edduos \u00famidos normal, de acordo com o setor; Coleta de res\u00edduos secos apenas em pontos cadastrados.<\/p>\n\n\n\n<p>3\/1 &#8211; Normal, de acordo com os setores.<\/p>\n\n\n\n<p><\/p>\n\n\n\n<p><em>Animais mortos e coleta de res\u00edduos de sa\u00fade<\/em><\/p>\n\n\n\n<p>30\/12 \u2013 Normal<\/p>\n\n\n\n<p>31\/12 \u2013 Das 7h \u00e0s 11h<\/p>\n\n\n\n<p>1\u00ba\/12 \u2013 N\u00e3o h\u00e1 expediente<\/p>\n\n\n\n<p><\/p>\n\n\n\n<p><em>Esta\u00e7\u00f5es de Coleta<\/em><\/p>\n\n\n\n<p>Os endere\u00e7os e hor\u00e1rios de funcionamento de todos os ecopontos est\u00e3o em <a href=\"https:\/\/bit.ly\/estacoesdecoleta\">https:\/\/bit.ly\/estacoesdecoleta<\/a>.<\/p>\n\n\n\n<p>30\/12 &#8211; Normal<\/p>\n\n\n\n<p>31\/12 \u2013 Das 8h \u00e0s 12h<\/p>\n\n\n\n<p>1\u00ba\/1\/25 &#8211; N\u00e3o h\u00e1 expediente<\/p>\n\n\n\n<p><\/p>\n\n\n\n<p><em>Varri\u00e7\u00e3o<\/em><\/p>\n\n\n\n<p>30\/12 &#8211; Normal<\/p>\n\n\n\n<p>31\/12 &#8211; At\u00e9 \u00e0s 18h<\/p>\n\n\n\n<p>1\u00ba\/1\/25 &#8211; Regi\u00e3o do Centro at\u00e9 \u00e0s 14h e varri\u00e7\u00e3o noturna normal<\/p>\n\n\n\n<p><\/p>\n\n\n\n<p><strong><span style=\"color: #00d084\" class=\"stk-highlight\">Parque Natural do Pedroso<\/span><\/strong><\/p>\n\n\n\n<p>O parque abre normalmente, das 7h \u00e0s 17h<\/p>\n\n\n\n<p>Pedalinho: N\u00e3o funciona dias 31\/12 e 1\u00ba\/1\/25<\/p>\n\n\n\n<p>Endere\u00e7o: Estrada do Pedroso, altura do n\u00famero 3000 (Parque Miami)<\/p>\n\n\n\n<p><\/p>\n\n\n\n<p><strong><span style=\"color: #9b51e0\" class=\"stk-highlight\">Atendimento e expediente<\/span><\/strong><\/p>\n\n\n\n<p>N\u00e3o h\u00e1 atendimento presencial, telef\u00f4nico e de WhatsApp aos clientes entre os dias 28 e 1\u00ba\/1\/25. O atendimento ser\u00e1 retomado no dia 2\/1\/25 (quinta-feira).<\/p>\n\n\n\n<p>No Posto de Atendimento, o atendimento ocorre apenas mediante agendamento pr\u00e9vio.<\/p>\n\n\n\n<p>As ordens de servi\u00e7o devem ser abertas de forma on-line, diretamente no site do Semasa (<a href=\"https:\/\/portais.santoandre.sp.gov.br\/semasa\/institucional\/servicos-ao-usuario\/\">https:\/\/portais.santoandre.sp.gov.br\/semasa\/institucional\/servicos-ao-usuario\/<\/a>).<\/p>\n\n\n\n<p>N\u00e3o h\u00e1 expediente na autarquia, conforme decreto municipal. Os servi\u00e7os essenciais s\u00e3o mantidos em escala de plant\u00e3o.<\/p>\n","protected":false},"excerpt":{"rendered":"<p>NATAL RES\u00cdDUOS S\u00d3LIDOS Coleta porta a porta 23\/12 &#8211; Normal 24\/12 \u2013 Coleta de res\u00edduos \u00famidos e secos &#8211; Coleta diurna: das 7h \u00e0s 15h; Coleta noturna: a partir das 15h. 25\/12 \u2013 N\u00e3o h\u00e1 coleta 26\/12 \u2013 Coleta de res\u00edduos \u00famidos normal, de acordo com o setor; Coleta de res\u00edduos secos apenas em pontos [&hellip;]<\/p>\n","protected":false},"author":28,"featured_media":2423,"comment_status":"open","ping_status":"open","sticky":false,"template":"","format":"standard","meta":{"footnotes":""},"categories":[10,8],"tags":[],"class_list":["post-2422","post","type-post","status-publish","format-standard","has-post-thumbnail","hentry","category-institucional","category-releases"],"_links":{"self":[{"href":"https:\/\/portais.santoandre.sp.gov.br\/semasa\/wp-json\/wp\/v2\/posts\/2422","targetHints":{"allow":["GET"]}}],"collection":[{"href":"https:\/\/portais.santoandre.sp.gov.br\/semasa\/wp-json\/wp\/v2\/posts"}],"about":[{"href":"https:\/\/portais.santoandre.sp.gov.br\/semasa\/wp-json\/wp\/v2\/types\/post"}],"author":[{"embeddable":true,"href":"https:\/\/portais.santoandre.sp.gov.br\/semasa\/wp-json\/wp\/v2\/users\/28"}],"replies":[{"embeddable":true,"href":"https:\/\/portais.santoandre.sp.gov.br\/semasa\/wp-json\/wp\/v2\/comments?post=2422"}],"version-history":[{"count":1,"href":"https:\/\/portais.santoandre.sp.gov.br\/semasa\/wp-json\/wp\/v2\/posts\/2422\/revisions"}],"predecessor-version":[{"id":2424,"href":"https:\/\/portais.santoandre.sp.gov.br\/semasa\/wp-json\/wp\/v2\/posts\/2422\/revisions\/2424"}],"wp:featuredmedia":[{"embeddable":true,"href":"https:\/\/portais.santoandre.sp.gov.br\/semasa\/wp-json\/wp\/v2\/media\/2423"}],"wp:attachment":[{"href":"https:\/\/portais.santoandre.sp.gov.br\/semasa\/wp-json\/wp\/v2\/media?parent=2422"}],"wp:term":[{"taxonomy":"category","embeddable":true,"href":"https:\/\/portais.santoandre.sp.gov.br\/semasa\/wp-json\/wp\/v2\/categories?post=2422"},{"taxonomy":"post_tag","embeddable":true,"href":"https:\/\/portais.santoandre.sp.gov.br\/semasa\/wp-json\/wp\/v2\/tags?post=2422"}],"curies":[{"name":"wp","href":"https:\/\/api.w.org\/{rel}","templated":true}]}}