{"id":2243,"date":"2024-11-08T11:16:07","date_gmt":"2024-11-08T14:16:07","guid":{"rendered":"https:\/\/portais.santoandre.sp.gov.br\/semasa\/?p=2243"},"modified":"2024-11-12T11:16:50","modified_gmt":"2024-11-12T14:16:50","slug":"semasa-apresenta-projetos-educativos-no-xv-congresso-brasileiro-de-gestao-ambiental","status":"publish","type":"post","link":"https:\/\/portais.santoandre.sp.gov.br\/semasa\/2024\/11\/08\/semasa-apresenta-projetos-educativos-no-xv-congresso-brasileiro-de-gestao-ambiental\/","title":{"rendered":"Semasa apresenta projetos educativos no XV Congresso Brasileiro de Gest\u00e3o Ambiental"},"content":{"rendered":"\n<p><em>Evento acontece em Bel\u00e9m, no Par\u00e1, e terminou nesta sexta-feira<\/em><\/p>\n\n\n\n<p>Santo Andr\u00e9, 8 de novembro de 2024 \u2013 A educa\u00e7\u00e3o ambiental \u00e9 transformadora, sendo necess\u00e1ria para que o futuro possa ser cada vez mais sustent\u00e1vel. Para demonstrar o potencial dos trabalhos andreenses nesta \u00e1rea, o Semasa (Servi\u00e7o Municipal de Saneamento Ambiental de Santo Andr\u00e9), por meio da Ger\u00eancia de Educa\u00e7\u00e3o e Mobiliza\u00e7\u00e3o Ambiental, apresentou nesta semana dois trabalhos t\u00e9cnicos durante o XV Congresso Brasileiro de Gest\u00e3o Ambiental, que acontece de 5 a 8 de novembro, na cidade de Bel\u00e9m, no estado do Par\u00e1.<\/p>\n\n\n\n<p>O evento \u00e9 organizado pelo Instituto Brasileiro de Estudos Ambientais e de Saneamento e contou com palestras, minicursos, apresenta\u00e7\u00f5es de trabalhos t\u00e9cnicos de forma oral e em p\u00f4ster, al\u00e9m de duas visitas t\u00e9cnicas \u2013 uma ao Aterro Sanit\u00e1rio de Marituba (no bairro Guam\u00e1, em Bel\u00e9m) e outra \u00e0 Unidade de Conserva\u00e7\u00e3o Parque do Utinga.<\/p>\n\n\n\n<p>Foram selecionadas duas propostas do Semasa: o \u201cDiagn\u00f3stico participativo para elabora\u00e7\u00e3o do Plano de Educa\u00e7\u00e3o Ambiental e Comunica\u00e7\u00e3o do Parque Natural Municipal do Pedroso\u201d e o \u201cHendu \u2013 das telas aos espa\u00e7os constru\u00eddos e naturais do munic\u00edpio de Santo Andr\u00e9\u201d. Os trabalhos dividiram espa\u00e7o junto a outras apresenta\u00e7\u00f5es que tamb\u00e9m envolviam a tem\u00e1tica da educa\u00e7\u00e3o ambiental.<\/p>\n\n\n\n<p>Para a gerente de educa\u00e7\u00e3o e mobiliza\u00e7\u00e3o ambiental do Semasa, Elaine Cristina da Silva Colin, partilhar a experi\u00eancia andreense e conhecer outras iniciativas enriquece as din\u00e2micas e a\u00e7\u00f5es de educa\u00e7\u00e3o ambiental. \u201cO tema principal deste congresso est\u00e1 muito vinculado \u00e0 gest\u00e3o e \u00e0 educa\u00e7\u00e3o ambiental frente \u00e0s mudan\u00e7as clim\u00e1ticas, sendo j\u00e1 uma prepara\u00e7\u00e3o para a COP30, que vai acontecer no ano que vem aqui em Bel\u00e9m\u201d, explica.<\/p>\n\n\n\n<p>O Plano de Educa\u00e7\u00e3o Ambiental do Parque do Pedroso est\u00e1 inserido no eixo de trabalho \u2018Educa\u00e7\u00e3o e Territorialidade\u2019. Ele foi desenvolvido de forma participativa e intersetorial, de forma a estimular as dimens\u00f5es simb\u00f3licas de v\u00ednculo e pertencimento para promo\u00e7\u00e3o da conserva\u00e7\u00e3o ambiental da Unidade de Conserva\u00e7\u00e3o andreense. Foram realizadas oficinas e pesquisas e, agora, o plano est\u00e1 em fase de compila\u00e7\u00e3o dos dados. A expectativa \u00e9 lan\u00e7ar o diagn\u00f3stico no primeiro semestre de 2025.<\/p>\n\n\n\n<p>O Hendu, palavra em tupi-guarani que significa escutar, ouvir e entender, surgiu em 2020 pela necessidade de o Semasa prosseguir com as atividades de educa\u00e7\u00e3o ambiental durante a pandemia de Covid-19. O portal disponibiliza jogos, atividades e dicas ambientais que podem ser trabalhadas pelas crian\u00e7as e seus respons\u00e1veis, de modo a despertar o interesse dos pequenos pelas quest\u00f5es ambientais.<\/p>\n\n\n\n<p>Ap\u00f3s a pandemia, a partir de 2022, a equipe da autarquia entendeu a necessidade de transformar o Hendu em algo presencial e, assim, o projeto ganhou a\u00e7\u00f5es em escolas e parques. Ao longo de 2024, a Ger\u00eancia de Educa\u00e7\u00e3o e Mobiliza\u00e7\u00e3o Ambiental do Semasa teve trabalhos t\u00e9cnicos selecionados para outros quatro congressos em todo o Brasil, al\u00e9m de receber dois pr\u00eamios \u2013 pelo projeto \u00c1gua, C\u00e2mera e A\u00e7\u00e3o e pelas atividades desenvolvidas no Trabalho T\u00e9cnico Socioambiental de constru\u00e7\u00e3o e reforma de 12 Esta\u00e7\u00f5es de Coleta, o que demonstra a variedade de a\u00e7\u00f5es executadas em territ\u00f3rio andreense e que priorizam a educa\u00e7\u00e3o ambiental como um processo de transforma\u00e7\u00e3o da realidade local.<br><\/p>\n","protected":false},"excerpt":{"rendered":"<p>Evento acontece em Bel\u00e9m, no Par\u00e1, e terminou nesta sexta-feira Santo Andr\u00e9, 8 de novembro de 2024 \u2013 A educa\u00e7\u00e3o ambiental \u00e9 transformadora, sendo necess\u00e1ria para que o futuro possa ser cada vez mais sustent\u00e1vel. Para demonstrar o potencial dos trabalhos andreenses nesta \u00e1rea, o Semasa (Servi\u00e7o Municipal de Saneamento Ambiental de Santo Andr\u00e9), por [&hellip;]<\/p>\n","protected":false},"author":28,"featured_media":2244,"comment_status":"open","ping_status":"open","sticky":false,"template":"","format":"standard","meta":{"footnotes":""},"categories":[6,8],"tags":[],"class_list":["post-2243","post","type-post","status-publish","format-standard","has-post-thumbnail","hentry","category-educacao-ambiental","category-releases"],"_links":{"self":[{"href":"https:\/\/portais.santoandre.sp.gov.br\/semasa\/wp-json\/wp\/v2\/posts\/2243","targetHints":{"allow":["GET"]}}],"collection":[{"href":"https:\/\/portais.santoandre.sp.gov.br\/semasa\/wp-json\/wp\/v2\/posts"}],"about":[{"href":"https:\/\/portais.santoandre.sp.gov.br\/semasa\/wp-json\/wp\/v2\/types\/post"}],"author":[{"embeddable":true,"href":"https:\/\/portais.santoandre.sp.gov.br\/semasa\/wp-json\/wp\/v2\/users\/28"}],"replies":[{"embeddable":true,"href":"https:\/\/portais.santoandre.sp.gov.br\/semasa\/wp-json\/wp\/v2\/comments?post=2243"}],"version-history":[{"count":1,"href":"https:\/\/portais.santoandre.sp.gov.br\/semasa\/wp-json\/wp\/v2\/posts\/2243\/revisions"}],"predecessor-version":[{"id":2245,"href":"https:\/\/portais.santoandre.sp.gov.br\/semasa\/wp-json\/wp\/v2\/posts\/2243\/revisions\/2245"}],"wp:featuredmedia":[{"embeddable":true,"href":"https:\/\/portais.santoandre.sp.gov.br\/semasa\/wp-json\/wp\/v2\/media\/2244"}],"wp:attachment":[{"href":"https:\/\/portais.santoandre.sp.gov.br\/semasa\/wp-json\/wp\/v2\/media?parent=2243"}],"wp:term":[{"taxonomy":"category","embeddable":true,"href":"https:\/\/portais.santoandre.sp.gov.br\/semasa\/wp-json\/wp\/v2\/categories?post=2243"},{"taxonomy":"post_tag","embeddable":true,"href":"https:\/\/portais.santoandre.sp.gov.br\/semasa\/wp-json\/wp\/v2\/tags?post=2243"}],"curies":[{"name":"wp","href":"https:\/\/api.w.org\/{rel}","templated":true}]}}