{"id":2131,"date":"2024-10-17T09:16:47","date_gmt":"2024-10-17T12:16:47","guid":{"rendered":"https:\/\/portais.santoandre.sp.gov.br\/semasa\/?p=2131"},"modified":"2024-10-17T09:16:47","modified_gmt":"2024-10-17T12:16:47","slug":"governo-do-estado-de-sao-paulo-premia-programa-moeda-verde-de-santo-andre","status":"publish","type":"post","link":"https:\/\/portais.santoandre.sp.gov.br\/semasa\/2024\/10\/17\/governo-do-estado-de-sao-paulo-premia-programa-moeda-verde-de-santo-andre\/","title":{"rendered":"Governo do Estado de S\u00e3o Paulo premia programa Moeda Verde de Santo Andr\u00e9"},"content":{"rendered":"\n<p><em>Iniciativa ganhou em 1\u00ba lugar o Pr\u00eamio Josu\u00e9 de Castro, concurso que contribui para reconhecer a\u00e7\u00f5es de seguran\u00e7a alimentar e combate \u00e0 fome<\/em><\/p>\n\n\n\n<p>Santo Andr\u00e9, 16 de outubro de 2024 &#8211; No Dia Mundial da Alimenta\u00e7\u00e3o, celebrado nesta quarta-feira (16), o programa Moeda Verde obteve mais um reconhecimento, em esfera estadual. A iniciativa andreense que troca recicl\u00e1veis por hortifr\u00fatis venceu em 1\u2070 lugar o 14\u00ba&nbsp; Pr\u00eamio Josu\u00e9 de Castro de Combate \u00e0 Fome e \u00e0 Desnutri\u00e7\u00e3o &#8211; Edi\u00e7\u00e3o 2024.<\/p>\n\n\n\n<p>O concurso foi realizado pela Secretaria de Agricultura e Abastecimento de S\u00e3o Paulo, por meio do Consea (Conselho Estadual de Seguran\u00e7a Alimentar e Nutricional Sustent\u00e1vel). O evento fez parte da programa\u00e7\u00e3o da XXIX Semana da Alimenta\u00e7\u00e3o, que ocorreu nesta semana.<\/p>\n\n\n\n<p>&#8220;O nosso Moeda Verde concorreu junto a outras 40 importantes iniciativas de incentivo \u00e0 seguran\u00e7a alimentar e nutricional de todo o estado. Para n\u00f3s, \u00e9 muito honroso receber mais este reconhecimento. Sabemos o quanto o programa melhora a vida da nossa gente&#8221;, afirma o prefeito Paulo Serra.<\/p>\n\n\n\n<p>A iniciativa saiu vencedora com nota final de 54,1, na categoria \u201cPrograma ou Projeto de Pol\u00edticas P\u00fablicas\u201d. Como recompensa, o munic\u00edpio ganhou uma salva de prata. O segundo e o terceiro colocados receberam men\u00e7\u00e3o honrosa.&nbsp; J\u00e1 os demais, certificado de participa\u00e7\u00e3o.<\/p>\n\n\n\n<p>\u201c\u00c9 uma alegria muito grande receber mais este reconhecimento, agora neste pr\u00eamio do Governo do Estado. Desde a sua cria\u00e7\u00e3o, o N\u00facleo de Inova\u00e7\u00e3o Social trabalha para desenvolver pol\u00edticas p\u00fablicas inovadoras que melhorem a vida dos andreenses. Que possamos seguir sendo inspira\u00e7\u00e3o para outros munic\u00edpios com este e outros programas sociais\u201d, celebra a presidente do N\u00facleo de Inova\u00e7\u00e3o Social e do Fundo Social de Solidariedade de Santo Andr\u00e9, Ana Claudia de Fabris.<\/p>\n\n\n\n<p>O programa Moeda Verde foi criado em 13 de novembro de 2017 pela Prefeitura, por meio do N\u00facleo de Inova\u00e7\u00e3o Social e o Semasa (Servi\u00e7o Municipal de Saneamento Ambiental de Santo Andr\u00e9).<\/p>\n\n\n\n<p>Atualmente, beneficia, direta e indiretamente, mais de 100 mil pessoas de 27 comunidades de favelas da cidade. A iniciativa recolheu acima de 1,7 mil toneladas de recicl\u00e1veis, entregando mais de 340 toneladas de alimentos. Al\u00e9m disso, nos cinco pontos de descarte irregular de res\u00edduos que deixaram de existir em comunidades beneficiadas, o Semasa economiza mais de R$ 1 milh\u00e3o por ano.<\/p>\n\n\n\n<p>O superintendente adjunto da autarquia, Edinilson Ferreira dos Santos, explica que pretende fortalecer ainda mais o Moeda Verde ao ampliar a participa\u00e7\u00e3o dos agricultores de Santo Andr\u00e9. &#8220;A produ\u00e7\u00e3o de alimentos por agricultores urbanos contribui para a redu\u00e7\u00e3o da emiss\u00e3o gases de efeito estufa e facilita o acesso aos alimentos saud\u00e1veis, al\u00e9m de gerar trabalho e renda\u201d, explica.<\/p>\n\n\n\n<p><strong>Nome do pr\u00eamio \u2013<\/strong> Josu\u00e9 de Castro, nome da pessoa que d\u00e1 origem ao concurso, foi m\u00e9dico, pesquisador e soci\u00f3logo brasileiro. Ele promoveu estudos e debates sobre a fome em diversos pa\u00edses, tornando-se um importante cientista das quest\u00f5es sociais e nutricionais.<\/p>\n\n\n\n<p><strong>Premia\u00e7\u00f5es \u2013<\/strong> Ao longo da sua hist\u00f3ria, o programa Moeda Verde coleciona diversas conquistas. A iniciativa venceu as premia\u00e7\u00f5es InovaCidade 2024, foi eleito o segundo melhor programa do Brasil com o Pr\u00eamio RAPS de Inova\u00e7\u00e3o e Sustentabilidade e integrou o pacote de a\u00e7\u00f5es de sustentabilidade que garantiu o bicampeonato de Santo Andr\u00e9 no Pr\u00eamio Band Cidades Excelentes.<\/p>\n\n\n\n<p>O \u00faltimo reconhecimento foi ser finalista da 12\u00aa Edi\u00e7\u00e3o do Pr\u00eamio Funda\u00e7\u00e3o Banco do Brasil de Tecnologia Social.<\/p>\n\n\n\n<p>O programa tornou-se a principal pol\u00edtica p\u00fablica socioambiental do munic\u00edpio de Santo Andr\u00e9 e inspira munic\u00edpios em todo o Brasil. Recentemente, o projeto foi aprovado por unanimidade pela Assembleia Legislativa de S\u00e3o Paulo.<\/p>\n\n\n\n<p>Com o veto do governador Tarc\u00edsio de Freitas, agora a deputada estadual e primeira-dama de Santo Andr\u00e9, Ana Carolina Serra, trabalha junto ao Estado para que o projeto seja novamente aprovado e se torne uma pol\u00edtica p\u00fablica estadual.&nbsp;&nbsp;&nbsp;&nbsp;&nbsp;&nbsp;&nbsp;<\/p>\n","protected":false},"excerpt":{"rendered":"<p>Iniciativa ganhou em 1\u00ba lugar o Pr\u00eamio Josu\u00e9 de Castro, concurso que contribui para reconhecer a\u00e7\u00f5es de seguran\u00e7a alimentar e combate \u00e0 fome Santo Andr\u00e9, 16 de outubro de 2024 &#8211; No Dia Mundial da Alimenta\u00e7\u00e3o, celebrado nesta quarta-feira (16), o programa Moeda Verde obteve mais um reconhecimento, em esfera estadual. A iniciativa andreense que [&hellip;]<\/p>\n","protected":false},"author":28,"featured_media":2132,"comment_status":"open","ping_status":"open","sticky":false,"template":"","format":"standard","meta":{"footnotes":""},"categories":[8,5],"tags":[],"class_list":["post-2131","post","type-post","status-publish","format-standard","has-post-thumbnail","hentry","category-releases","category-residuos-solidos"],"_links":{"self":[{"href":"https:\/\/portais.santoandre.sp.gov.br\/semasa\/wp-json\/wp\/v2\/posts\/2131","targetHints":{"allow":["GET"]}}],"collection":[{"href":"https:\/\/portais.santoandre.sp.gov.br\/semasa\/wp-json\/wp\/v2\/posts"}],"about":[{"href":"https:\/\/portais.santoandre.sp.gov.br\/semasa\/wp-json\/wp\/v2\/types\/post"}],"author":[{"embeddable":true,"href":"https:\/\/portais.santoandre.sp.gov.br\/semasa\/wp-json\/wp\/v2\/users\/28"}],"replies":[{"embeddable":true,"href":"https:\/\/portais.santoandre.sp.gov.br\/semasa\/wp-json\/wp\/v2\/comments?post=2131"}],"version-history":[{"count":1,"href":"https:\/\/portais.santoandre.sp.gov.br\/semasa\/wp-json\/wp\/v2\/posts\/2131\/revisions"}],"predecessor-version":[{"id":2133,"href":"https:\/\/portais.santoandre.sp.gov.br\/semasa\/wp-json\/wp\/v2\/posts\/2131\/revisions\/2133"}],"wp:featuredmedia":[{"embeddable":true,"href":"https:\/\/portais.santoandre.sp.gov.br\/semasa\/wp-json\/wp\/v2\/media\/2132"}],"wp:attachment":[{"href":"https:\/\/portais.santoandre.sp.gov.br\/semasa\/wp-json\/wp\/v2\/media?parent=2131"}],"wp:term":[{"taxonomy":"category","embeddable":true,"href":"https:\/\/portais.santoandre.sp.gov.br\/semasa\/wp-json\/wp\/v2\/categories?post=2131"},{"taxonomy":"post_tag","embeddable":true,"href":"https:\/\/portais.santoandre.sp.gov.br\/semasa\/wp-json\/wp\/v2\/tags?post=2131"}],"curies":[{"name":"wp","href":"https:\/\/api.w.org\/{rel}","templated":true}]}}