{"id":930,"date":"2025-11-11T08:55:12","date_gmt":"2025-11-11T11:55:12","guid":{"rendered":"https:\/\/portais.santoandre.sp.gov.br\/saude\/?p=930"},"modified":"2025-11-11T08:55:12","modified_gmt":"2025-11-11T11:55:12","slug":"santo-andre-oferta-mais-de-mil-exames-de-espirometria","status":"publish","type":"post","link":"https:\/\/portais.santoandre.sp.gov.br\/saude\/2025\/11\/11\/santo-andre-oferta-mais-de-mil-exames-de-espirometria\/","title":{"rendered":"Santo Andr\u00e9 oferta mais de mil exames de espirometria"},"content":{"rendered":"\n<div class=\"wp-block-stackable-image stk-block-image stk-block stk-918904f\" data-block-id=\"918904f\"><style>.stk-918904f .stk-img-wrapper{width:800px !important;}<\/style><figure><span class=\"stk-img-wrapper stk-image--shape-stretch\"><img fetchpriority=\"high\" decoding=\"async\" class=\"stk-img wp-image-931\" src=\"https:\/\/portais.santoandre.sp.gov.br\/saude\/wp-content\/uploads\/sites\/30\/2025\/11\/986dfbb69e7af5a5384e1c43ddac4041.jpg\" width=\"800\" height=\"732\" srcset=\"https:\/\/portais.santoandre.sp.gov.br\/saude\/wp-content\/uploads\/sites\/30\/2025\/11\/986dfbb69e7af5a5384e1c43ddac4041.jpg 800w, https:\/\/portais.santoandre.sp.gov.br\/saude\/wp-content\/uploads\/sites\/30\/2025\/11\/986dfbb69e7af5a5384e1c43ddac4041-300x275.jpg 300w, https:\/\/portais.santoandre.sp.gov.br\/saude\/wp-content\/uploads\/sites\/30\/2025\/11\/986dfbb69e7af5a5384e1c43ddac4041-768x703.jpg 768w\" sizes=\"(max-width: 800px) 100vw, 800px\" \/><\/span><\/figure><\/div>\n\n\n\n<h2 class=\"wp-block-heading\"><strong>Iniciativa \u00e9 voltada ao diagn\u00f3stico de doen\u00e7as respirat\u00f3rias, como a Doen\u00e7a Pulmonar Obstrutiva Cr\u00f4nica (DPOC)<\/strong><\/h2>\n\n\n\n<p class=\"wp-block-paragraph\">Santo Andr\u00e9, 7 de novembro de 2025 &#8211; A Prefeitura de Santo Andr\u00e9, por meio da Secretaria de Sa\u00fade e em parceria com a farmac\u00eautica Boehringer Ingelheim do Brasil, vem realizando na rede municipal o exame de espirometria, voltado ao diagn\u00f3stico de doen\u00e7as respirat\u00f3rias, como a Doen\u00e7a Pulmonar Obstrutiva Cr\u00f4nica (DPOC). A a\u00e7\u00e3o integra o Projeto Abra\u00e7ar e teve in\u00edcio em agosto deste ano com a oferta de 1.099 exames, feitos na Policl\u00ednica Centro e no caminh\u00e3o do programa Sa\u00fade em Movimento, que percorre toda a cidade.<br>\u00a0<br>Nesta quinta (6) e sexta (7), 160 m\u00e9dicos da Aten\u00e7\u00e3o Prim\u00e1ria \u00e0 Sa\u00fade, das UPAs (Unidades de Pronto Atendimento) e da Regula\u00e7\u00e3o Municipal participaram de capacita\u00e7\u00e3o em doen\u00e7as pulmonares, no audit\u00f3rio do Hospital da Mulher, no Parque Novo Orat\u00f3rio. O objetivo \u00e9 ampliar a capacidade de diagn\u00f3stico e tratamento da DPOC em toda a rede, integrando a\u00e7\u00f5es de preven\u00e7\u00e3o, acompanhamento e reabilita\u00e7\u00e3o em sa\u00fade respirat\u00f3ria.<br>\u00a0<br>\u201cCom o treinamento, Santo Andr\u00e9 refor\u00e7a o compromisso de qualificar continuamente as equipes m\u00e9dicas, garantindo um atendimento mais resolutivo, humanizado e baseado em evid\u00eancias cient\u00edficas. A a\u00e7\u00e3o contribui tamb\u00e9m para reduzir interna\u00e7\u00f5es e melhorar a qualidade de vida dos pacientes com doen\u00e7as respirat\u00f3rias cr\u00f4nicas, uma das principais causas de morbidade no pa\u00eds\u201d, pontua a m\u00e9dica Danyela Casadei Donatelli, coordenadora da Sa\u00fade do Adulto e do Idoso do munic\u00edpio.<br>\u00a0<br>No Brasil, a Doen\u00e7a Pulmonar Obstrutiva Cr\u00f4nica atinge 13 milh\u00f5es de pessoas, das quais apenas 12% s\u00e3o diagnosticadas, frequentemente a partir dos 40 anos de idade. A espirometria, que \u00e9 o teste de fun\u00e7\u00e3o pulmonar, \u00e9 o exame essencial para o diagn\u00f3stico precoce.\u00a0<br>\u00a0<br>A exposi\u00e7\u00e3o ao tabaco e \u00e0 polui\u00e7\u00e3o ao longo da vida, al\u00e9m de fatores gen\u00e9ticos, agravam os casos, j\u00e1 a vacina\u00e7\u00e3o contra influenza, Covid-19 e outras s\u00edndromes respirat\u00f3rias pode reduzir em torno de 50% a ocorr\u00eancia de doen\u00e7a grave e \u00f3bitos. No grupo das DPOCs est\u00e3o doen\u00e7as como enfisema e bronquite cr\u00f4nica, que causam bloqueio do fluxo de sa\u00edda de ar dos pulm\u00f5es e problemas respirat\u00f3rios.<br>\u00a0<br>\u00c9 caracter\u00edstico de quem tem doen\u00e7a pulmonar levar a m\u00e3o ao peito, apresentar tosse epis\u00f3dica, ter dificuldade de respirar logo ao acordar e falta de ar ao caminhar ou em per\u00edodos de exacerba\u00e7\u00e3o. \u201cO paciente vai se adaptando \u00e0 dispneia. Ele percebe que sente falta de ar ao subir uma escada ou lavar uma lou\u00e7a, mas usa o pretexto de que est\u00e1 envelhecendo. N\u00e3o \u00e9 bem assim\u201d, alerta o pneumologista Marcelo Gervilla Greg\u00f3rio, respons\u00e1vel pelo treinamento.<br>\u00a0<br>De acordo com o especialista, o paciente com DPOC sofre \u201cde ponta a ponta\u201d, a cada respira\u00e7\u00e3o. \u201cA asma \u00e9 intermitente, j\u00e1 a Doen\u00e7a Pulmonar Obstrutiva Cr\u00f4nica \u00e9 constante, persistente e progressiva\u201d, explica.\u00a0<br>\u00a0<br><strong>Jornada do paciente \u2013<\/strong>\u00a0Dentre os pacientes que j\u00e1 realizaram a espirometria em Santo Andr\u00e9, 60 foram classificados com risco grave e convocados para atendimento conjunto entre o m\u00e9dico generalista e o pneumologista. Essa estrat\u00e9gia \u00e9 conhecida como matriciamento e permite uma abordagem compartilhada, centrada no paciente, com foco na integralidade do cuidado.<br>\u00a0<br>O tratamento da DPOC inclui reabilita\u00e7\u00e3o pulmonar, oxigenoterapia, controle do peso e medicamentos inalat\u00f3rios (broncodilatadores). Embora n\u00e3o haja cura, o tratamento pode aliviar os sintomas, diminuir o risco de eventos cardiovasculares decorrentes das exacerba\u00e7\u00f5es e aumentar a toler\u00e2ncia \u00e0s atividades f\u00edsicas do dia a dia.<br>\u00a0<br>\u201cO projeto vem fortalecendo e qualificando o cuidado \u00e0s pessoas com DPOC em Santo Andr\u00e9, promovendo a troca de saberes entre os profissionais envolvidos, oferecendo apoio t\u00e9cnico e cient\u00edfico, garantindo diagn\u00f3stico preciso e acesso ao especialista, quando necess\u00e1rio. Enfim, um tratamento adequado e resolutivo. Afinal, n\u00e3o basta o paciente ter o exame em m\u00e3os, \u00e9 preciso levar em conta o tempo que ele percorre na rede e planejar o seguimento cl\u00ednico na Aten\u00e7\u00e3o Prim\u00e1ria, que \u00e9 a porta de entrada no SUS\u201d, ressalta o secret\u00e1rio de Sa\u00fade de Santo Andr\u00e9, Edson Salvo Melo.<br>\u00a0<br>Na Policl\u00ednica Centro (Rua Xavier de Toledo, 517), a espirometria \u00e9 realizada mediante agendamento e as vagas s\u00e3o gerenciadas pela Regula\u00e7\u00e3o Municipal. Pacientes das UPAs, com problemas relacionados \u00e0 DPOC, mediante CID (Classifica\u00e7\u00e3o Internacional de Doen\u00e7as), tamb\u00e9m s\u00e3o convocados para fazer o exame.<br>\u00a0<br><strong>Sa\u00fade em Movimento \u2013<\/strong>\u00a0O caminh\u00e3o do programa Sa\u00fade em Movimento leva qualidade de vida aos bairros e parques da cidade, com oferta de avalia\u00e7\u00e3o f\u00edsica, nutricional e exames como a espirometria \u2013 neste caso sob livre demanda. Pelas redes sociais da Prefeitura de Santo Andr\u00e9 \u00e9 poss\u00edvel conferir a programa\u00e7\u00e3o, com os hor\u00e1rios e locais de atendimento.\u00a0<br>\u00a0<br>A agenda deste m\u00eas inclui passagens pelos bairros Vila Floresta (dias 10 e 17); Jardim Utinga (12); Jardim Cristiane (13); Para\u00edso (14); Vila Lucinda (19); Vila S\u00e1 (24); Vila Assun\u00e7\u00e3o (26); Parque Andreense (27); Vila Homero Thon (28); e pelo Parque Celso Daniel, no bairro Jardim (29).<\/p>\n","protected":false},"excerpt":{"rendered":"<p>Iniciativa \u00e9 voltada ao diagn\u00f3stico de doen\u00e7as respirat\u00f3rias, como a Doen\u00e7a Pulmonar Obstrutiva Cr\u00f4nica (DPOC) Santo Andr\u00e9, 7 de novembro de 2025 &#8211; A Prefeitura de Santo Andr\u00e9, por meio da Secretaria de Sa\u00fade e em parceria com a farmac\u00eautica Boehringer Ingelheim do Brasil, vem realizando na rede municipal o exame de espirometria, voltado ao [&hellip;]<\/p>\n","protected":false},"author":39,"featured_media":931,"comment_status":"open","ping_status":"open","sticky":false,"template":"","format":"standard","meta":{"footnotes":""},"categories":[2],"tags":[],"class_list":["post-930","post","type-post","status-publish","format-standard","has-post-thumbnail","hentry","category-noticias"],"_links":{"self":[{"href":"https:\/\/portais.santoandre.sp.gov.br\/saude\/wp-json\/wp\/v2\/posts\/930","targetHints":{"allow":["GET"]}}],"collection":[{"href":"https:\/\/portais.santoandre.sp.gov.br\/saude\/wp-json\/wp\/v2\/posts"}],"about":[{"href":"https:\/\/portais.santoandre.sp.gov.br\/saude\/wp-json\/wp\/v2\/types\/post"}],"author":[{"embeddable":true,"href":"https:\/\/portais.santoandre.sp.gov.br\/saude\/wp-json\/wp\/v2\/users\/39"}],"replies":[{"embeddable":true,"href":"https:\/\/portais.santoandre.sp.gov.br\/saude\/wp-json\/wp\/v2\/comments?post=930"}],"version-history":[{"count":1,"href":"https:\/\/portais.santoandre.sp.gov.br\/saude\/wp-json\/wp\/v2\/posts\/930\/revisions"}],"predecessor-version":[{"id":932,"href":"https:\/\/portais.santoandre.sp.gov.br\/saude\/wp-json\/wp\/v2\/posts\/930\/revisions\/932"}],"wp:featuredmedia":[{"embeddable":true,"href":"https:\/\/portais.santoandre.sp.gov.br\/saude\/wp-json\/wp\/v2\/media\/931"}],"wp:attachment":[{"href":"https:\/\/portais.santoandre.sp.gov.br\/saude\/wp-json\/wp\/v2\/media?parent=930"}],"wp:term":[{"taxonomy":"category","embeddable":true,"href":"https:\/\/portais.santoandre.sp.gov.br\/saude\/wp-json\/wp\/v2\/categories?post=930"},{"taxonomy":"post_tag","embeddable":true,"href":"https:\/\/portais.santoandre.sp.gov.br\/saude\/wp-json\/wp\/v2\/tags?post=930"}],"curies":[{"name":"wp","href":"https:\/\/api.w.org\/{rel}","templated":true}]}}