{"id":735,"date":"2025-07-07T09:52:09","date_gmt":"2025-07-07T12:52:09","guid":{"rendered":"https:\/\/portais.santoandre.sp.gov.br\/saude\/?p=735"},"modified":"2025-07-07T10:47:21","modified_gmt":"2025-07-07T13:47:21","slug":"santo-andre-promove-vacinacao-contra-a-gripe-nos-shoppings-da-cidade-neste-fim-de-semana","status":"publish","type":"post","link":"https:\/\/portais.santoandre.sp.gov.br\/saude\/2025\/07\/07\/santo-andre-promove-vacinacao-contra-a-gripe-nos-shoppings-da-cidade-neste-fim-de-semana\/","title":{"rendered":"Santo Andr\u00e9 promove vacina\u00e7\u00e3o contra a gripe nos shoppings da cidade neste fim de semana"},"content":{"rendered":"\n<div class=\"wp-block-stackable-image stk-block-image stk-block stk-fc2ac2d\" data-block-id=\"fc2ac2d\"><style>.stk-fc2ac2d .stk-img-wrapper{width:800px !important;}<\/style><figure><span class=\"stk-img-wrapper stk-image--shape-stretch\"><img fetchpriority=\"high\" decoding=\"async\" class=\"stk-img wp-image-736\" src=\"https:\/\/portais.santoandre.sp.gov.br\/saude\/wp-content\/uploads\/sites\/30\/2025\/07\/cf921712bb054e624d4a7fe62aedd033.jpg\" width=\"800\" height=\"533\" srcset=\"https:\/\/portais.santoandre.sp.gov.br\/saude\/wp-content\/uploads\/sites\/30\/2025\/07\/cf921712bb054e624d4a7fe62aedd033.jpg 800w, https:\/\/portais.santoandre.sp.gov.br\/saude\/wp-content\/uploads\/sites\/30\/2025\/07\/cf921712bb054e624d4a7fe62aedd033-300x200.jpg 300w, https:\/\/portais.santoandre.sp.gov.br\/saude\/wp-content\/uploads\/sites\/30\/2025\/07\/cf921712bb054e624d4a7fe62aedd033-768x512.jpg 768w\" sizes=\"(max-width: 800px) 100vw, 800px\" \/><\/span><\/figure><\/div>\n\n\n\n<h2 class=\"wp-block-heading\"><strong>Popula\u00e7\u00e3o a partir dos seis meses poder\u00e1 se proteger gratuitamente aproveitando os hor\u00e1rios estendidos dos centros comerciais<\/strong><\/h2>\n\n\n\n<p>Santo Andr\u00e9, 28 de maio de 2025 &#8211; A Prefeitura de Santo Andr\u00e9, por meio da Secretaria de Sa\u00fade, promove neste fim de semana uma grande a\u00e7\u00e3o de vacina\u00e7\u00e3o contra a gripe. No s\u00e1bado (31) e no domingo (1\u00ba), equipes da sa\u00fade estar\u00e3o presentes nos quatro shoppings da cidade \u2013 Shopping ABC, Grand Plaza Shopping, Atrium Shopping e Shoppinho \u2013 oferecendo a vacina gratuitamente para toda a popula\u00e7\u00e3o.<br>&nbsp;<br>A iniciativa tem como objetivo ampliar a cobertura vacinal e facilitar o acesso da popula\u00e7\u00e3o \u00e0 imuniza\u00e7\u00e3o, aproveitando o grande fluxo de pessoas nos centros comerciais durante o fim de semana. Para se vacinar, \u00e9 necess\u00e1rio apresentar um documento com foto e, se poss\u00edvel, a caderneta de vacina\u00e7\u00e3o, para que os profissionais possam registrar a dose aplicada.<br>&nbsp;<br>\u201cA vacina\u00e7\u00e3o \u00e9 uma das principais ferramentas para proteger a popula\u00e7\u00e3o contra doen\u00e7as respirat\u00f3rias, sobretudo neste per\u00edodo do ano, quando as temperaturas caem e os casos de gripe aumentam. Ao levar a imuniza\u00e7\u00e3o para espa\u00e7os de grande circula\u00e7\u00e3o, como os shoppings, queremos facilitar o acesso e garantir que mais pessoas possam se proteger. Essa \u00e9 uma estrat\u00e9gia que une preven\u00e7\u00e3o, comodidade e proximidade com a popula\u00e7\u00e3o. Nosso compromisso \u00e9 cuidar da sa\u00fade dos andreenses em todos os espa\u00e7os da cidade\u201d, destacou o secret\u00e1rio de Sa\u00fade, Pedro Seno.<br>&nbsp;<br>No Shopping ABC a vacina\u00e7\u00e3o ocorre no Piso 2, ao lado da loja C&amp;A; no Atrium Shopping ser\u00e1 no t\u00e9rreo, na Loja Solid\u00e1ria; No Grand Plaza Shopping tamb\u00e9m ser\u00e1 no t\u00e9rreo, ao lado da ag\u00eancia da Caixa Econ\u00f4mica Federal; por fim, no Shoppinho ser\u00e1 na Loja Solid\u00e1ria, com entrada pela Rua Elisa Fl\u00e1quer. A vacina\u00e7\u00e3o ocorre s\u00e1bado, das 10h \u00e0s 19h, e domingo, das 14h \u00e0s 20h. O posto do Shoppinho funcionar\u00e1 apenas no s\u00e1bado.<br>&nbsp;<br>A vacina contra a gripe \u00e9 segura, eficaz e fundamental para prevenir complica\u00e7\u00f5es causadas pelos v\u00edrus Influenza, especialmente em grupos mais vulner\u00e1veis como idosos, crian\u00e7as, gestantes e pessoas com comorbidades. Neste ano, a vacina\u00e7\u00e3o est\u00e1 liberada para toda a popula\u00e7\u00e3o a partir dos seis meses de idade, conforme orienta\u00e7\u00e3o do Minist\u00e9rio da Sa\u00fade.<\/p>\n","protected":false},"excerpt":{"rendered":"<p>Popula\u00e7\u00e3o a partir dos seis meses poder\u00e1 se proteger gratuitamente aproveitando os hor\u00e1rios estendidos dos centros comerciais Santo Andr\u00e9, 28 de maio de 2025 &#8211; A Prefeitura de Santo Andr\u00e9, por meio da Secretaria de Sa\u00fade, promove neste fim de semana uma grande a\u00e7\u00e3o de vacina\u00e7\u00e3o contra a gripe. No s\u00e1bado (31) e no domingo [&hellip;]<\/p>\n","protected":false},"author":39,"featured_media":736,"comment_status":"open","ping_status":"open","sticky":false,"template":"","format":"standard","meta":{"footnotes":""},"categories":[2],"tags":[],"class_list":["post-735","post","type-post","status-publish","format-standard","has-post-thumbnail","hentry","category-noticias"],"_links":{"self":[{"href":"https:\/\/portais.santoandre.sp.gov.br\/saude\/wp-json\/wp\/v2\/posts\/735","targetHints":{"allow":["GET"]}}],"collection":[{"href":"https:\/\/portais.santoandre.sp.gov.br\/saude\/wp-json\/wp\/v2\/posts"}],"about":[{"href":"https:\/\/portais.santoandre.sp.gov.br\/saude\/wp-json\/wp\/v2\/types\/post"}],"author":[{"embeddable":true,"href":"https:\/\/portais.santoandre.sp.gov.br\/saude\/wp-json\/wp\/v2\/users\/39"}],"replies":[{"embeddable":true,"href":"https:\/\/portais.santoandre.sp.gov.br\/saude\/wp-json\/wp\/v2\/comments?post=735"}],"version-history":[{"count":2,"href":"https:\/\/portais.santoandre.sp.gov.br\/saude\/wp-json\/wp\/v2\/posts\/735\/revisions"}],"predecessor-version":[{"id":742,"href":"https:\/\/portais.santoandre.sp.gov.br\/saude\/wp-json\/wp\/v2\/posts\/735\/revisions\/742"}],"wp:featuredmedia":[{"embeddable":true,"href":"https:\/\/portais.santoandre.sp.gov.br\/saude\/wp-json\/wp\/v2\/media\/736"}],"wp:attachment":[{"href":"https:\/\/portais.santoandre.sp.gov.br\/saude\/wp-json\/wp\/v2\/media?parent=735"}],"wp:term":[{"taxonomy":"category","embeddable":true,"href":"https:\/\/portais.santoandre.sp.gov.br\/saude\/wp-json\/wp\/v2\/categories?post=735"},{"taxonomy":"post_tag","embeddable":true,"href":"https:\/\/portais.santoandre.sp.gov.br\/saude\/wp-json\/wp\/v2\/tags?post=735"}],"curies":[{"name":"wp","href":"https:\/\/api.w.org\/{rel}","templated":true}]}}