{"id":1612,"date":"2026-07-15T10:52:51","date_gmt":"2026-07-15T13:52:51","guid":{"rendered":"https:\/\/portais.santoandre.sp.gov.br\/saude\/?p=1612"},"modified":"2026-07-15T10:52:52","modified_gmt":"2026-07-15T13:52:52","slug":"santo-andre-apresenta-planejamento-estrategico-para-a-saude","status":"publish","type":"post","link":"https:\/\/portais.santoandre.sp.gov.br\/saude\/2026\/07\/15\/santo-andre-apresenta-planejamento-estrategico-para-a-saude\/","title":{"rendered":"Santo Andr\u00e9 apresenta planejamento estrat\u00e9gico para a sa\u00fade"},"content":{"rendered":"\n<p class=\"wp-block-paragraph\"><a href=\"https:\/\/web.santoandre.sp.gov.br\/fotos\/9ce9eb69baff086830ad58dd2b045321.jpg\"><\/a><\/p>\n\n\n\n<div class=\"wp-block-stackable-image stk-block-image stk-block stk-2fd3006\" data-block-id=\"2fd3006\"><style>.stk-2fd3006 .stk-img-wrapper{width:800px !important;}<\/style><figure><span class=\"stk-img-wrapper stk-image--shape-stretch\"><img fetchpriority=\"high\" decoding=\"async\" class=\"stk-img wp-image-1613\" src=\"https:\/\/portais.santoandre.sp.gov.br\/saude\/wp-content\/uploads\/sites\/30\/2026\/07\/9ce9eb69baff086830ad58dd2b045321.jpg\" width=\"800\" height=\"450\" srcset=\"https:\/\/portais.santoandre.sp.gov.br\/saude\/wp-content\/uploads\/sites\/30\/2026\/07\/9ce9eb69baff086830ad58dd2b045321.jpg 800w, https:\/\/portais.santoandre.sp.gov.br\/saude\/wp-content\/uploads\/sites\/30\/2026\/07\/9ce9eb69baff086830ad58dd2b045321-300x169.jpg 300w, https:\/\/portais.santoandre.sp.gov.br\/saude\/wp-content\/uploads\/sites\/30\/2026\/07\/9ce9eb69baff086830ad58dd2b045321-768x432.jpg 768w\" sizes=\"(max-width: 800px) 100vw, 800px\" \/><\/span><\/figure><\/div>\n\n\n\n<h2 class=\"wp-block-heading\">Documento estabelece diretrizes que v\u00e3o orientar a gest\u00e3o, fortalecer a rede municipal e qualificar os servi\u00e7os do SUS<\/h2>\n\n\n\n<p class=\"wp-block-paragraph\">Santo Andr\u00e9, 6 de julho de 2026 &#8211; A Secretaria de Sa\u00fade de Santo Andr\u00e9 apresentou na \u00faltima sexta-feira (3) um planejamento estrat\u00e9gico voltado a nortear as a\u00e7\u00f5es do munic\u00edpio visando qualificar os servi\u00e7os do SUS (Sistema \u00danico de Sa\u00fade) nos pr\u00f3ximos anos.\u00a0<br>\u00a0<br>A apresenta\u00e7\u00e3o do Planejamento Estrat\u00e9gico Sa\u00fade Santo Andr\u00e9 2030, realizada no audit\u00f3rio do Hospital da Mulher Maria Jos\u00e9 dos Santos Stein, reuniu gestores e representantes das unidades de sa\u00fade do munic\u00edpio.\u00a0<br>\u00a0<br>Constru\u00eddo de forma participativa, o planejamento foi elaborado a partir das contribui\u00e7\u00f5es dos gestores da rede municipal de sa\u00fade, coletadas previamente por meio de question\u00e1rio eletr\u00f4nico e consolidadas em um diagn\u00f3stico institucional. A oficina teve como objetivo validar as diretrizes estrat\u00e9gicas que nortear\u00e3o as a\u00e7\u00f5es da sa\u00fade municipal, promovendo o alinhamento entre as diferentes \u00e1reas da rede para sua implementa\u00e7\u00e3o.<br>\u00a0<br>&#8220;O Planejamento Estrat\u00e9gico Sa\u00fade Santo Andr\u00e9 2030 foi constru\u00eddo de forma participativa, ouvindo os gestores da rede municipal e valorizando a experi\u00eancia de quem vivencia diariamente os desafios da sa\u00fade p\u00fablica. Esse processo fortalece o alinhamento entre as equipes e estabelece um caminho comum para qualificar cada vez mais o cuidado oferecido \u00e0 popula\u00e7\u00e3o&#8221;, destaca a coordenadora geral da Escola da Sa\u00fade, Alessandra Holovatiuk.<br>\u00a0<br>O plano define um modelo de gest\u00e3o voltado \u00e0 organiza\u00e7\u00e3o de uma Rede de Aten\u00e7\u00e3o \u00e0 Sa\u00fade integrada, humanizada, resolutiva e sustent\u00e1vel, tendo a Aten\u00e7\u00e3o Prim\u00e1ria como ponto central do cuidado e priorizando a amplia\u00e7\u00e3o do acesso, a qualidade da assist\u00eancia e a melhoria cont\u00ednua dos servi\u00e7os oferecidos \u00e0 popula\u00e7\u00e3o.<br>\u00a0<br>&#8220;Este planejamento representa muito mais do que um conjunto de metas. \u00c9 o compromisso da Secretaria de Sa\u00fade com uma gest\u00e3o moderna, participativa, transparente e orientada por resultados, para construir uma rede de aten\u00e7\u00e3o cada vez mais integrada, inovadora, humanizada e centrada nas pessoas&#8221;, afirma o secret\u00e1rio de Sa\u00fade, Diego Cabral.<br>\u00a0<br>Entre os principais eixos estrat\u00e9gicos est\u00e3o o fortalecimento da Aten\u00e7\u00e3o Prim\u00e1ria, a integra\u00e7\u00e3o da rede assistencial, a promo\u00e7\u00e3o da sa\u00fade, a humaniza\u00e7\u00e3o do atendimento, a transforma\u00e7\u00e3o digital, a inova\u00e7\u00e3o, a valoriza\u00e7\u00e3o dos profissionais, a educa\u00e7\u00e3o permanente e a sustentabilidade financeira da rede municipal.<br>\u00a0<br>O planejamento tamb\u00e9m estabelece objetivos estrat\u00e9gicos, indicadores e perspectivas de atua\u00e7\u00e3o voltados ao desenvolvimento institucional, ao fortalecimento da governan\u00e7a, \u00e0 qualifica\u00e7\u00e3o da Rede de Aten\u00e7\u00e3o \u00e0 Sa\u00fade e \u00e0 gera\u00e7\u00e3o de resultados para os usu\u00e1rios do SUS.<br>\u00a0<br>Ap\u00f3s a etapa de valida\u00e7\u00e3o, as diretrizes ser\u00e3o desdobradas em planos de a\u00e7\u00e3o e indicadores de acompanhamento, orientando a execu\u00e7\u00e3o das pol\u00edticas p\u00fablicas de sa\u00fade e contribuindo para o aperfei\u00e7oamento cont\u00ednuo da assist\u00eancia prestada \u00e0 popula\u00e7\u00e3o andreense.<\/p>\n","protected":false},"excerpt":{"rendered":"<p>Documento estabelece diretrizes que v\u00e3o orientar a gest\u00e3o, fortalecer a rede municipal e qualificar os servi\u00e7os do SUS Santo Andr\u00e9, 6 de julho de 2026 &#8211; A Secretaria de Sa\u00fade de Santo Andr\u00e9 apresentou na \u00faltima sexta-feira (3) um planejamento estrat\u00e9gico voltado a nortear as a\u00e7\u00f5es do munic\u00edpio visando qualificar os servi\u00e7os do SUS (Sistema [&hellip;]<\/p>\n","protected":false},"author":77,"featured_media":1613,"comment_status":"open","ping_status":"open","sticky":false,"template":"","format":"standard","meta":{"footnotes":""},"categories":[2],"tags":[],"class_list":["post-1612","post","type-post","status-publish","format-standard","has-post-thumbnail","hentry","category-noticias"],"_links":{"self":[{"href":"https:\/\/portais.santoandre.sp.gov.br\/saude\/wp-json\/wp\/v2\/posts\/1612","targetHints":{"allow":["GET"]}}],"collection":[{"href":"https:\/\/portais.santoandre.sp.gov.br\/saude\/wp-json\/wp\/v2\/posts"}],"about":[{"href":"https:\/\/portais.santoandre.sp.gov.br\/saude\/wp-json\/wp\/v2\/types\/post"}],"author":[{"embeddable":true,"href":"https:\/\/portais.santoandre.sp.gov.br\/saude\/wp-json\/wp\/v2\/users\/77"}],"replies":[{"embeddable":true,"href":"https:\/\/portais.santoandre.sp.gov.br\/saude\/wp-json\/wp\/v2\/comments?post=1612"}],"version-history":[{"count":1,"href":"https:\/\/portais.santoandre.sp.gov.br\/saude\/wp-json\/wp\/v2\/posts\/1612\/revisions"}],"predecessor-version":[{"id":1614,"href":"https:\/\/portais.santoandre.sp.gov.br\/saude\/wp-json\/wp\/v2\/posts\/1612\/revisions\/1614"}],"wp:featuredmedia":[{"embeddable":true,"href":"https:\/\/portais.santoandre.sp.gov.br\/saude\/wp-json\/wp\/v2\/media\/1613"}],"wp:attachment":[{"href":"https:\/\/portais.santoandre.sp.gov.br\/saude\/wp-json\/wp\/v2\/media?parent=1612"}],"wp:term":[{"taxonomy":"category","embeddable":true,"href":"https:\/\/portais.santoandre.sp.gov.br\/saude\/wp-json\/wp\/v2\/categories?post=1612"},{"taxonomy":"post_tag","embeddable":true,"href":"https:\/\/portais.santoandre.sp.gov.br\/saude\/wp-json\/wp\/v2\/tags?post=1612"}],"curies":[{"name":"wp","href":"https:\/\/api.w.org\/{rel}","templated":true}]}}