{"id":462,"date":"2022-10-24T11:31:57","date_gmt":"2022-10-24T14:31:57","guid":{"rendered":"https:\/\/portais.santoandre.sp.gov.br\/procon\/?p=462"},"modified":"2022-10-24T11:41:06","modified_gmt":"2022-10-24T14:41:06","slug":"procon-movel-realiza-atendimento-na-rua-coronel-oliveira-lima","status":"publish","type":"post","link":"https:\/\/portais.santoandre.sp.gov.br\/procon\/2022\/10\/24\/procon-movel-realiza-atendimento-na-rua-coronel-oliveira-lima\/","title":{"rendered":"Procon M\u00f3vel realiza atendimento na Rua Coronel Oliveira Lima"},"content":{"rendered":"\n<p>A\u00e7\u00e3o ocorre das 10h \u00e0s 16h no Largo da Est\u00e1tua<\/p>\n\n\n\n<p>Santo Andr\u00e9, 4 de agosto de 2022 &#8211; Nesta sexta-feira (5), das 10h \u00e0s 16h, o Procon Santo Andr\u00e9, em parceria com a Funda\u00e7\u00e3o Procon-SP, realiza atendimentos itinerantes aos consumidores na Rua Coronel Oliveira Lima, no Largo da Est\u00e1tua. Na ocasi\u00e3o, os interessados poder\u00e3o tirar d\u00favidas, al\u00e9m de receber orienta\u00e7\u00f5es e materiais explicativos sobre direitos dos consumidores no Procon M\u00f3vel.<br><br>\u201cO objetivo desta iniciativa \u00e9 descentralizar o atendimento e facilitar ainda mais o acesso da popula\u00e7\u00e3o aos nossos servi\u00e7os. Nesta data, disponibilizamos uma estrutura com suporte de um \u00f4nibus adaptado com acesso \u00e0 internet e aos sistemas de defesa do consumidor\u201d, ressalta a diretora do Procon Santo Andr\u00e9, Doroti Gomes Cavalini.<br><br><strong>Atendimento &#8211;<\/strong>&nbsp;A popula\u00e7\u00e3o tamb\u00e9m pode tirar d\u00favidas, receber orienta\u00e7\u00f5es e fazer den\u00fancias ao Procon de Santo Andr\u00e9 por meio de atendimentos on-line, que devem ser encaminhados pelo e-mail&nbsp;<a href=\"mailto:procon@santoandre.sp.gov.br\">procon@santoandre.sp.gov.br<\/a>. J\u00e1 os atendimentos presenciais s\u00e3o realizados de segunda a sexta, das 8h \u00e0s 16h, mediante agendamento pelo link&nbsp;<a href=\"http:\/\/www.santoandre.sp.gov.br\/agendamento\">www.santoandre.sp.gov.br\/agendamento<\/a>. Os mun\u00edcipes podem entrar em contato ainda pelo n\u00famero 3356-9200.<br><br>Servi\u00e7o<br><strong>Procon M\u00f3vel<\/strong><br>Endere\u00e7o: Rua Coronel Oliveira Lima (Largo da Est\u00e1tua) &#8211; Centro<br>Data: 5\/8\/22 (sexta-feira)<br>Hor\u00e1rio: 10h \u00e0s 16h<\/p>\n\n\n\n<p><a href=\"https:\/\/web.santoandre.sp.gov.br\/fotos\/9ba6757ed58f00099728acc053d25612.jpg\"><\/a><\/p>\n","protected":false},"excerpt":{"rendered":"<p>A\u00e7\u00e3o ocorre das 10h \u00e0s 16h no Largo da Est\u00e1tua Santo Andr\u00e9, 4 de agosto de 2022 &#8211; Nesta sexta-feira (5), das 10h \u00e0s 16h, o Procon Santo Andr\u00e9, em parceria com a Funda\u00e7\u00e3o Procon-SP, realiza atendimentos itinerantes aos consumidores na Rua Coronel Oliveira Lima, no Largo da Est\u00e1tua. Na ocasi\u00e3o, os interessados poder\u00e3o tirar [&hellip;]<\/p>\n","protected":false},"author":2,"featured_media":463,"comment_status":"open","ping_status":"open","sticky":false,"template":"","format":"standard","meta":{"footnotes":""},"categories":[1],"tags":[],"class_list":["post-462","post","type-post","status-publish","format-standard","has-post-thumbnail","hentry","category-sem-categoria"],"_links":{"self":[{"href":"https:\/\/portais.santoandre.sp.gov.br\/procon\/wp-json\/wp\/v2\/posts\/462","targetHints":{"allow":["GET"]}}],"collection":[{"href":"https:\/\/portais.santoandre.sp.gov.br\/procon\/wp-json\/wp\/v2\/posts"}],"about":[{"href":"https:\/\/portais.santoandre.sp.gov.br\/procon\/wp-json\/wp\/v2\/types\/post"}],"author":[{"embeddable":true,"href":"https:\/\/portais.santoandre.sp.gov.br\/procon\/wp-json\/wp\/v2\/users\/2"}],"replies":[{"embeddable":true,"href":"https:\/\/portais.santoandre.sp.gov.br\/procon\/wp-json\/wp\/v2\/comments?post=462"}],"version-history":[{"count":2,"href":"https:\/\/portais.santoandre.sp.gov.br\/procon\/wp-json\/wp\/v2\/posts\/462\/revisions"}],"predecessor-version":[{"id":469,"href":"https:\/\/portais.santoandre.sp.gov.br\/procon\/wp-json\/wp\/v2\/posts\/462\/revisions\/469"}],"wp:featuredmedia":[{"embeddable":true,"href":"https:\/\/portais.santoandre.sp.gov.br\/procon\/wp-json\/wp\/v2\/media\/463"}],"wp:attachment":[{"href":"https:\/\/portais.santoandre.sp.gov.br\/procon\/wp-json\/wp\/v2\/media?parent=462"}],"wp:term":[{"taxonomy":"category","embeddable":true,"href":"https:\/\/portais.santoandre.sp.gov.br\/procon\/wp-json\/wp\/v2\/categories?post=462"},{"taxonomy":"post_tag","embeddable":true,"href":"https:\/\/portais.santoandre.sp.gov.br\/procon\/wp-json\/wp\/v2\/tags?post=462"}],"curies":[{"name":"wp","href":"https:\/\/api.w.org\/{rel}","templated":true}]}}