{"id":116,"date":"2026-02-09T13:36:44","date_gmt":"2026-02-09T16:36:44","guid":{"rendered":"https:\/\/portais.santoandre.sp.gov.br\/educacaodetransito\/?p=116"},"modified":"2026-03-06T09:15:33","modified_gmt":"2026-03-06T12:15:33","slug":"operacao-volta-as-aulas-em-santo-andre-retorna-com-orientacao-para-motoristas-e-pedestres","status":"publish","type":"post","link":"https:\/\/portais.santoandre.sp.gov.br\/educacaodetransito\/2026\/02\/09\/operacao-volta-as-aulas-em-santo-andre-retorna-com-orientacao-para-motoristas-e-pedestres\/","title":{"rendered":"Opera\u00e7\u00e3o Volta \u00e0s Aulas em Santo Andr\u00e9 retorna com orienta\u00e7\u00e3o para motoristas e pedestres"},"content":{"rendered":"\n<figure class=\"wp-block-image size-full\"><img fetchpriority=\"high\" decoding=\"async\" width=\"800\" height=\"533\" src=\"https:\/\/portais.santoandre.sp.gov.br\/educacaodetransito\/wp-content\/uploads\/sites\/32\/2026\/02\/Volta-as-aulas.jpg\" alt=\"\" class=\"wp-image-117\" srcset=\"https:\/\/portais.santoandre.sp.gov.br\/educacaodetransito\/wp-content\/uploads\/sites\/32\/2026\/02\/Volta-as-aulas.jpg 800w, https:\/\/portais.santoandre.sp.gov.br\/educacaodetransito\/wp-content\/uploads\/sites\/32\/2026\/02\/Volta-as-aulas-300x200.jpg 300w, https:\/\/portais.santoandre.sp.gov.br\/educacaodetransito\/wp-content\/uploads\/sites\/32\/2026\/02\/Volta-as-aulas-768x512.jpg 768w\" sizes=\"(max-width: 800px) 100vw, 800px\" \/><figcaption class=\"wp-element-caption\">Alex Cavanha\/PSA<\/figcaption><\/figure>\n\n\n\n<p class=\"wp-block-paragraph\"><strong>Equipes de educa\u00e7\u00e3o de tr\u00e2nsito distribuem material e agentes fiscalizam a travessia segura, al\u00e9m de poss\u00edveis infra\u00e7\u00f5es<\/strong><\/p>\n\n\n\n<p class=\"wp-block-paragraph\">Santo Andr\u00e9, 9 de fevereiro de 2026 &#8211; A Secretaria de Mobilidade Urbana de Santo Andr\u00e9 iniciou nesta segunda-feira (9) mais uma edi\u00e7\u00e3o da Opera\u00e7\u00e3o Volta \u00e0s Aulas. A a\u00e7\u00e3o busca proporcionar, por meio da distribui\u00e7\u00e3o de folhetos informativos, monitoramento e fiscaliza\u00e7\u00e3o das leis de tr\u00e2nsito, mais seguran\u00e7a vi\u00e1ria para motoristas e pedestres na entrada e sa\u00edda das escolas.<br>&nbsp;<br>O monitoramento dos agentes do Departamento de Engenharia de Tr\u00e1fego (DET) tamb\u00e9m visa evitar gargalos no tr\u00e1fego com pontos de lentid\u00e3o. A fiscaliza\u00e7\u00e3o tem o objetivo de impedir a parada em fila dupla, o estacionamento em local proibido, al\u00e9m de garantir respeito \u00e0s vagas destinadas a idosos, pessoas com defici\u00eancia e reservadas aos transportadores escolares.<br>&nbsp;<br>Al\u00e9m da presen\u00e7a dos agentes de fiscaliza\u00e7\u00e3o, equipes da Ger\u00eancia de Educa\u00e7\u00e3o de Tr\u00e2nsito (GET) tamb\u00e9m estiveram em frente \u00e0s escolas conversando com pais, respons\u00e1veis e alunos, refor\u00e7ando orienta\u00e7\u00f5es sobre travessia segura, uso da faixa de pedestres e a import\u00e2ncia de atitudes respons\u00e1veis no tr\u00e2nsito.&nbsp;<br>&nbsp;<br>\u201cA Opera\u00e7\u00e3o Volta \u00e0s Aulas refor\u00e7a o compromisso da nossa gest\u00e3o com a seguran\u00e7a das crian\u00e7as e de toda a comunidade escolar. Com orienta\u00e7\u00e3o, fiscaliza\u00e7\u00e3o e melhorias na sinaliza\u00e7\u00e3o, estamos organizando o tr\u00e2nsito e prevenindo acidentes nos momentos de maior movimento\u201d, afirma o prefeito Gilvan Ferreira.<br>&nbsp;<br>A Opera\u00e7\u00e3o Volta \u00e0s Aulas faz parte da rotina da Secretaria de Mobilidade Urbana e, a cada ano, constata-se a melhoria do tr\u00e2nsito nas \u00e1reas pr\u00f3ximas \u00e0s escolas, o que demonstra a efici\u00eancia das a\u00e7\u00f5es preventivas e regulares. A a\u00e7\u00e3o \u00e9 intensificada neste per\u00edodo e acontece regularmente ao longo do ano letivo.<br>&nbsp;<br>Em paralelo, tamb\u00e9m fazem parte da Opera\u00e7\u00e3o Volta \u00e0s Aulas a\u00e7\u00f5es de manuten\u00e7\u00e3o e melhoria na sinaliza\u00e7\u00e3o horizontal e vertical, acompanhamento e reprograma\u00e7\u00e3o dos planos semaf\u00f3ricos e implanta\u00e7\u00e3o de novos focos semaf\u00f3ricos de pedestres.<br>&nbsp;<br>&#8220;Nosso objetivo \u00e9 garantir mais seguran\u00e7a vi\u00e1ria no entorno das escolas, protegendo nossas crian\u00e7as e organizando o fluxo de ve\u00edculos nos hor\u00e1rios de maior movimento. A presen\u00e7a dos agentes e o trabalho de educa\u00e7\u00e3o no tr\u00e2nsito s\u00e3o fundamentais para prevenir acidentes e promover uma conviv\u00eancia mais respons\u00e1vel&#8221;, conclui o secret\u00e1rio de Mobilidade Urbana, Almir Cicote.<\/p>\n\n\n\n<p class=\"has-text-align-center wp-block-paragraph\"><strong><span style=\"color: #fcf002;background-color: #0148fa\" class=\"stk-highlight\">Veja o que a Imprensa est\u00e1 falando sobre isso!!!<\/span><\/strong><\/p>\n\n\n\n<figure class=\"wp-block-embed is-type-wp-embed is-provider-not-cias-do-abc-as-melhores-informa-es-e-not-cias-do-abc wp-block-embed-not-cias-do-abc-as-melhores-informa-es-e-not-cias-do-abc\"><div class=\"wp-block-embed__wrapper\">\n<blockquote class=\"wp-embedded-content\" data-secret=\"DTZ6k8L92z\"><a href=\"https:\/\/abcdoabc.com.br\/santo-andre-operacao-volta-as-aulas-escolas\/\">Santo Andr\u00e9 intensifica Opera\u00e7\u00e3o Volta \u00e0s Aulas nas escolas<\/a><\/blockquote><iframe class=\"wp-embedded-content\" sandbox=\"allow-scripts\" security=\"restricted\" style=\"position: absolute; visibility: hidden;\" title=\"&#8220;Santo Andr\u00e9 intensifica Opera\u00e7\u00e3o Volta \u00e0s Aulas nas escolas&#8221; &#8212; Not\u00edcias do ABC - As melhores informa\u00e7\u00f5es e not\u00edcias do ABC\" src=\"https:\/\/abcdoabc.com.br\/santo-andre-operacao-volta-as-aulas-escolas\/embed\/#?secret=sSgn3WWLzT#?secret=DTZ6k8L92z\" data-secret=\"DTZ6k8L92z\" width=\"500\" height=\"282\" frameborder=\"0\" marginwidth=\"0\" marginheight=\"0\" scrolling=\"no\"><\/iframe>\n<\/div><\/figure>\n\n\n\n<figure class=\"wp-block-embed is-type-wp-embed is-provider-rd-jornal-rep-rter-di-rio wp-block-embed-rd-jornal-rep-rter-di-rio\"><div class=\"wp-block-embed__wrapper\">\n<blockquote class=\"wp-embedded-content\" data-secret=\"wQQZ5C2gvQ\"><a href=\"https:\/\/www.reporterdiario.com.br\/noticia\/3776866\/s-andre-retoma-operacao-volta-as-aulas-com-foco-em-motoristas-e-pedestres\/\">S.Andr\u00e9 retoma Opera\u00e7\u00e3o Volta \u00e0s Aulas com foco em motoristas e pedestres<\/a><\/blockquote><iframe class=\"wp-embedded-content\" sandbox=\"allow-scripts\" security=\"restricted\" style=\"position: absolute; visibility: hidden;\" title=\"&#8220;S.Andr\u00e9 retoma Opera\u00e7\u00e3o Volta \u00e0s Aulas com foco em motoristas e pedestres&#8221; &#8212; RD - Jornal Rep\u00f3rter Di\u00e1rio\" src=\"https:\/\/www.reporterdiario.com.br\/noticia\/3776866\/s-andre-retoma-operacao-volta-as-aulas-com-foco-em-motoristas-e-pedestres\/embed\/#?secret=EZ725unHyC#?secret=wQQZ5C2gvQ\" data-secret=\"wQQZ5C2gvQ\" width=\"500\" height=\"282\" frameborder=\"0\" marginwidth=\"0\" marginheight=\"0\" scrolling=\"no\"><\/iframe>\n<\/div><\/figure>\n\n\n\n<figure class=\"wp-block-embed is-type-wp-embed is-provider-abc-rep-rter wp-block-embed-abc-rep-rter\"><div class=\"wp-block-embed__wrapper\">\n<blockquote class=\"wp-embedded-content\" data-secret=\"Qu2G0X5SFk\"><a href=\"https:\/\/abcreporter.com.br\/2026\/02\/10\/operacao-volta-as-aulas-em-santo-andre-retorna-com-orientacao-para-motoristas-e-pedestres\/\">Opera\u00e7\u00e3o Volta \u00e0s Aulas em Santo Andr\u00e9 retorna com orienta\u00e7\u00e3o para motoristas e pedestres<\/a><\/blockquote><iframe class=\"wp-embedded-content\" sandbox=\"allow-scripts\" security=\"restricted\" style=\"position: absolute; visibility: hidden;\" title=\"&#8220;Opera\u00e7\u00e3o Volta \u00e0s Aulas em Santo Andr\u00e9 retorna com orienta\u00e7\u00e3o para motoristas e pedestres&#8221; &#8212; ABC Rep\u00f3rter\" src=\"https:\/\/abcreporter.com.br\/2026\/02\/10\/operacao-volta-as-aulas-em-santo-andre-retorna-com-orientacao-para-motoristas-e-pedestres\/embed\/#?secret=sX4PvpaYRd#?secret=Qu2G0X5SFk\" data-secret=\"Qu2G0X5SFk\" width=\"500\" height=\"282\" frameborder=\"0\" marginwidth=\"0\" marginheight=\"0\" scrolling=\"no\"><\/iframe>\n<\/div><\/figure>\n\n\n\n<p class=\"wp-block-paragraph\"><a href=\"https:\/\/www.redenn.com.br\/noticia\/operacao-volta-as-aulas-em-santo-andre-retorna-com-orientacao-para-motoristas-e-pedestres\">https:\/\/www.redenn.com.br\/noticia\/operacao-volta-as-aulas-em-santo-andre-retorna-com-orientacao-para-motoristas-e-pedestres<\/a><\/p>\n\n\n\n<p class=\"wp-block-paragraph\"><\/p>\n\n\n\n<p class=\"wp-block-paragraph\"><\/p>\n","protected":false},"excerpt":{"rendered":"<p>Equipes de educa\u00e7\u00e3o de tr\u00e2nsito distribuem material e agentes fiscalizam a travessia segura, al\u00e9m de poss\u00edveis infra\u00e7\u00f5es Santo Andr\u00e9, 9 de fevereiro de 2026 &#8211; A Secretaria de Mobilidade Urbana de Santo Andr\u00e9 iniciou nesta segunda-feira (9) mais uma edi\u00e7\u00e3o da Opera\u00e7\u00e3o Volta \u00e0s Aulas. A a\u00e7\u00e3o busca proporcionar, por meio da distribui\u00e7\u00e3o de folhetos [&hellip;]<\/p>\n","protected":false},"author":64,"featured_media":117,"comment_status":"open","ping_status":"open","sticky":false,"template":"","format":"standard","meta":{"footnotes":""},"categories":[1],"tags":[],"class_list":["post-116","post","type-post","status-publish","format-standard","has-post-thumbnail","hentry","category-sem-categoria"],"_links":{"self":[{"href":"https:\/\/portais.santoandre.sp.gov.br\/educacaodetransito\/wp-json\/wp\/v2\/posts\/116","targetHints":{"allow":["GET"]}}],"collection":[{"href":"https:\/\/portais.santoandre.sp.gov.br\/educacaodetransito\/wp-json\/wp\/v2\/posts"}],"about":[{"href":"https:\/\/portais.santoandre.sp.gov.br\/educacaodetransito\/wp-json\/wp\/v2\/types\/post"}],"author":[{"embeddable":true,"href":"https:\/\/portais.santoandre.sp.gov.br\/educacaodetransito\/wp-json\/wp\/v2\/users\/64"}],"replies":[{"embeddable":true,"href":"https:\/\/portais.santoandre.sp.gov.br\/educacaodetransito\/wp-json\/wp\/v2\/comments?post=116"}],"version-history":[{"count":5,"href":"https:\/\/portais.santoandre.sp.gov.br\/educacaodetransito\/wp-json\/wp\/v2\/posts\/116\/revisions"}],"predecessor-version":[{"id":228,"href":"https:\/\/portais.santoandre.sp.gov.br\/educacaodetransito\/wp-json\/wp\/v2\/posts\/116\/revisions\/228"}],"wp:featuredmedia":[{"embeddable":true,"href":"https:\/\/portais.santoandre.sp.gov.br\/educacaodetransito\/wp-json\/wp\/v2\/media\/117"}],"wp:attachment":[{"href":"https:\/\/portais.santoandre.sp.gov.br\/educacaodetransito\/wp-json\/wp\/v2\/media?parent=116"}],"wp:term":[{"taxonomy":"category","embeddable":true,"href":"https:\/\/portais.santoandre.sp.gov.br\/educacaodetransito\/wp-json\/wp\/v2\/categories?post=116"},{"taxonomy":"post_tag","embeddable":true,"href":"https:\/\/portais.santoandre.sp.gov.br\/educacaodetransito\/wp-json\/wp\/v2\/tags?post=116"}],"curies":[{"name":"wp","href":"https:\/\/api.w.org\/{rel}","templated":true}]}}